{"id":1295,"date":"2022-11-08T19:58:07","date_gmt":"2022-11-08T19:58:07","guid":{"rendered":"http:\/\/www.opyguadigital.com.ar\/lab\/?p=1295"},"modified":"2022-11-21T05:16:02","modified_gmt":"2022-11-21T05:16:02","slug":"programa-mujer-sana-salvar-una-vida-con-un-diagnostico-temprano","status":"publish","type":"post","link":"http:\/\/www.opyguadigital.com.ar\/lab\/2022\/11\/08\/programa-mujer-sana-salvar-una-vida-con-un-diagnostico-temprano\/","title":{"rendered":"Programa Mujer Sana: salvar una vida con un diagn\u00f3stico temprano"},"content":{"rendered":"\n<p class=\"has-white-background-color has-text-color has-background\" style=\"color:#2f2d2d;font-size:21px\">En el marco del Mes Rosa, Marta Silva (coordinadora de Programas Especiales del Instituto de Previsi\u00f3n Social) brind\u00f3 informaci\u00f3n acerca de las actividades de sensibilizaci\u00f3n que se est\u00e1n llevando a cabo en Misiones, con la obra social estatal como parte organizadora. Destac\u00f3 la importancia del diagn\u00f3stico temprano y el programa Mujer Sana, una iniciativa de la instituci\u00f3n centrada en esta patolog\u00eda.<\/p>\n\n\n\n<p class=\"has-medium-font-size\">Cada a\u00f1o el<strong> mes de octubre<\/strong> re\u00fane a distintas organizaciones y grupos de acompa\u00f1amiento vinculados a la <strong>lucha contra el c\u00e1ncer de mama <\/strong>para trabajar de manera conjunta en el <strong>Mes Rosa<\/strong>. En Misiones, una de las principales instituciones involucradas en la agenda de actividades es el <strong>Instituto de Previsi\u00f3n Social<\/strong> (IPS), la obra social de gesti\u00f3n estatal que cuenta con el mayor n\u00famero de personas afiliadas en la provincia.<\/p>\n\n\n\n<p class=\"has-medium-font-size\"><strong>Marta Silva<\/strong>, coordinadora de Programas Especiales del IPS, detall\u00f3 que la participaci\u00f3n del Instituto en la campa\u00f1a \u00ab<em>casi todos los a\u00f1os est\u00e1 apoyada en los <strong>operativos de diagn\u00f3stico<\/strong> y las <strong><a href=\"http:\/\/www.opyguadigital.com.ar\/lab\/2022\/11\/08\/cancer-de-mama-charla-sobre-prevencion-y-deteccion\/?preview_id=262&amp;preview_nonce=e26a02b7a0&amp;preview=true&amp;_thumbnail_id=267\" target=\"_blank\" rel=\"noreferrer noopener\">charlas de concientizaci\u00f3n<\/a><\/strong>, que hoy en d\u00eda se hacen en los barrios, en algunas instituciones, cada a\u00f1o se ampl\u00eda un poco m\u00e1s<\/em>. <em>Para el IPS el objetivo tambi\u00e9n est\u00e1 en seguir dando a conocer el <strong>programa Mujer Sana<\/strong>, que perdura todo el a\u00f1o<\/em>\u00ab.<\/p>\n\n\n\n<p class=\"has-medium-font-size\">Seg\u00fan explica la funcionaria, esta iniciativa naci\u00f3 en 2005 y apunta al diagn\u00f3stico temprano del <strong>c\u00e1ncer de mama y de \u00fatero<\/strong>. El programa de cobertura m\u00e9dica est\u00e1 destinado a afiliadas de la obra social, quienes<strong> a partir de los 40 a\u00f1os<\/strong> pueden solicitar una <strong>chequera <\/strong>que facilita el acceso a controles y estudios m\u00e9dicos preventivos:<\/p>\n\n\n\n<blockquote class=\"wp-block-quote has-background is-layout-flow wp-block-quote-is-layout-flow\" style=\"background-color:#f9dde4;font-size:18px\">\n<p class=\"has-background has-medium-font-size\" style=\"background-color:#f78da84f\">\u201cLa chequera nace para trabajar desde el control de la salud, <strong>por la importancia que tiene el diagn\u00f3stico temprano para esta enfermedad<\/strong>. Si aparece el c\u00e1ncer, con la mamograf\u00eda buscamos <strong>detectarlo a tiempo<\/strong>, cuando la enfermedad es curable\u201d.<\/p>\n<cite> Bioquim. Marta Silva, Coordinadora de Programas Especiales del IPS<\/cite><\/blockquote>\n\n\n\n<p class=\"has-medium-font-size\">La solicitud de la chequera puede realizarse <strong>una vez al a\u00f1o<\/strong> presentando el carnet en cualquier dependencia del IPS. Silva agreg\u00f3 que <strong>aquellas personas que cuenten con antecedentes familiares<\/strong> de alguna de las enfermedades, pueden realizar el tr\u00e1mite <strong>a partir de los 35 a\u00f1os<\/strong> presentando una solicitud m\u00e9dica complementaria.<\/p>\n\n\n\n<h2 class=\"wp-block-heading\" style=\"font-size:30px\">Chequeo anual para prevenir: los estudios m\u00e1s importantes<\/h2>\n\n\n\n<figure class=\"wp-block-embed is-type-wp-embed is-provider-genially wp-block-embed-genially\"><div class=\"wp-block-embed__wrapper\">\n<iframe class=\"wp-embedded-content\" sandbox=\"allow-scripts\" security=\"restricted\" title=\"Octubre Mes Rosa: \u00bfYa te hiciste tu chequeo?\" frameborder='0' width='733' height='436' src='https:\/\/view.genial.ly\/63631ff780b0e400107891fe#?secret=ONJ4HTRzjN' data-secret='ONJ4HTRzjN' scrolling='yes'><\/iframe>\n<\/div><figcaption class=\"wp-element-caption\">Estudios del chequeo anual recomendado<\/figcaption><\/figure>\n\n\n\n<p><\/p>\n\n\n\n<p class=\"has-medium-font-size\">Siguiendo las recomendaciones del Ministerio de Salud de la Naci\u00f3n, la cobertura del programa incluye una <strong>consulta ginecol\u00f3gica<\/strong>, estudios como la prueba de <strong>Papanicolau<\/strong> y <strong>ecograf\u00eda ginecol\u00f3gica<\/strong>, una <strong>mamograf\u00eda <\/strong>y, a partir de los 50 a\u00f1os, una <strong>densitometr\u00eda \u00f3sea<\/strong>. <\/p>\n\n\n\n<p class=\"has-medium-font-size\">Silva expres\u00f3 que las <strong>actividades de sensibilizaci\u00f3n<\/strong> fueron planificadas a lo largo de todo octubre, en <strong>varias localidades<\/strong> de la provincia. En ese sentido, celebr\u00f3 \u00ab<em>el compromiso de tantas personas y organizaciones. Cada a\u00f1o las actividades son m\u00e1s. Hay talleres, hay deporte, hay  hasta un <a href=\"http:\/\/www.opyguadigital.com.ar\/lab\/2022\/11\/08\/tercera-edicion-del-certamen-literario-la-letra-rosa\/?preview_id=780&amp;preview_nonce=e405be4dbf&amp;preview=true&amp;_thumbnail_id=267\" target=\"_blank\" rel=\"noreferrer noopener\">concurso de literatura<\/a>. Y eso es muy bueno porque permite participar, llegar a m\u00e1s gente con el mensaje de lo importante que es chequearse cada a\u00f1o\u00bb<\/em>.<\/p>\n\n\n\n<p><\/p>\n\n\n\n<p><\/p>\n\n\n\n<p><strong>Entrevista, infograf\u00eda y redacci\u00f3n:<\/strong> Gutierrez, Camila<\/p>\n","protected":false},"excerpt":{"rendered":"<p>En el marco del Mes Rosa, Marta Silva (coordinadora de Programas Especiales del Instituto de Previsi\u00f3n Social) brind\u00f3 informaci\u00f3n acerca de las actividades de sensibilizaci\u00f3n que se est\u00e1n llevando a cabo en Misiones, con la obra social estatal como parte organizadora. Destac\u00f3 la importancia del diagn\u00f3stico temprano y el programa Mujer Sana, una iniciativa de [&hellip;]<\/p>\n","protected":false},"author":14,"featured_media":1298,"comment_status":"open","ping_status":"open","sticky":false,"template":"","format":"standard","meta":{"footnotes":""},"categories":[157,156],"tags":[165,161,158],"class_list":["post-1295","post","type-post","status-publish","format-standard","has-post-thumbnail","hentry","category-mes-rosa","category-salud","tag-mes-rosa","tag-prevencion-2","tag-salud"],"_links":{"self":[{"href":"http:\/\/www.opyguadigital.com.ar\/lab\/wp-json\/wp\/v2\/posts\/1295","targetHints":{"allow":["GET"]}}],"collection":[{"href":"http:\/\/www.opyguadigital.com.ar\/lab\/wp-json\/wp\/v2\/posts"}],"about":[{"href":"http:\/\/www.opyguadigital.com.ar\/lab\/wp-json\/wp\/v2\/types\/post"}],"author":[{"embeddable":true,"href":"http:\/\/www.opyguadigital.com.ar\/lab\/wp-json\/wp\/v2\/users\/14"}],"replies":[{"embeddable":true,"href":"http:\/\/www.opyguadigital.com.ar\/lab\/wp-json\/wp\/v2\/comments?post=1295"}],"version-history":[{"count":43,"href":"http:\/\/www.opyguadigital.com.ar\/lab\/wp-json\/wp\/v2\/posts\/1295\/revisions"}],"predecessor-version":[{"id":1803,"href":"http:\/\/www.opyguadigital.com.ar\/lab\/wp-json\/wp\/v2\/posts\/1295\/revisions\/1803"}],"wp:featuredmedia":[{"embeddable":true,"href":"http:\/\/www.opyguadigital.com.ar\/lab\/wp-json\/wp\/v2\/media\/1298"}],"wp:attachment":[{"href":"http:\/\/www.opyguadigital.com.ar\/lab\/wp-json\/wp\/v2\/media?parent=1295"}],"wp:term":[{"taxonomy":"category","embeddable":true,"href":"http:\/\/www.opyguadigital.com.ar\/lab\/wp-json\/wp\/v2\/categories?post=1295"},{"taxonomy":"post_tag","embeddable":true,"href":"http:\/\/www.opyguadigital.com.ar\/lab\/wp-json\/wp\/v2\/tags?post=1295"}],"curies":[{"name":"wp","href":"https:\/\/api.w.org\/{rel}","templated":true}]}}