{"id":1325,"date":"2022-11-09T01:44:33","date_gmt":"2022-11-09T01:44:33","guid":{"rendered":"http:\/\/www.opyguadigital.com.ar\/lab\/?p=1325"},"modified":"2022-11-21T05:14:59","modified_gmt":"2022-11-21T05:14:59","slug":"con-la-esperanza-puesta-en-el-diagnostico-temprano-asi-fue-el-mes-rosa-en-misiones","status":"publish","type":"post","link":"http:\/\/www.opyguadigital.com.ar\/lab\/2022\/11\/09\/con-la-esperanza-puesta-en-el-diagnostico-temprano-asi-fue-el-mes-rosa-en-misiones\/","title":{"rendered":"Con la esperanza puesta en la prevenci\u00f3n: as\u00ed fue el Mes Rosa en Misiones"},"content":{"rendered":"\n<p class=\"has-white-background-color has-background\" style=\"font-size:26px\">Despu\u00e9s de un mes cargado de charlas y actividades recreativas, este 27 de octubre finaliz\u00f3 el Mes Rosa en Misiones. El evento se enfoc\u00f3 en la concientizaci\u00f3n sobre el c\u00e1ncer de mama y este a\u00f1o incluy\u00f3 charlas, operativos de chequeos m\u00e9dicos, un concurso literario y un evento festivo de cierre.<\/p>\n\n\n\n<p class=\"has-medium-font-size\">El <strong>Mes Rosa<\/strong> es una iniciativa internacional que transform\u00f3 a octubre en el mes de <strong>concientizaci\u00f3n sobre la lucha contra el c\u00e1ncer de mama<\/strong>. Argentina adhiri\u00f3 a esta iniciativa en 2010, con la sanci\u00f3n de una ley para darle alcance nacional.<\/p>\n\n\n\n<p class=\"has-medium-font-size\">Misiones se sum\u00f3 ese mismo a\u00f1o y, desde entonces, <strong>cada octubre se organizan en la provincia talleres y actividades <\/strong>que se suman a otras iniciativas como el <a rel=\"noreferrer noopener\" href=\"http:\/\/www.opyguadigital.com.ar\/lab\/2022\/11\/08\/programa-mujer-sana-salvar-una-vida-con-un-diagnostico-temprano\/\" data-type=\"URL\" data-id=\"http:\/\/www.opyguadigital.com.ar\/lab\/2022\/11\/08\/programa-mujer-sana-salvar-una-vida-con-un-diagnostico-temprano\/\" target=\"_blank\">programa <em>Mujer Sana<\/em><\/a> para visibilizar la lucha contra el c\u00e1ncer de mama y la importancia de prevenirlo: detectados a tiempo, el 90% de los casos de esta enfermedad puede curarse.<\/p>\n\n\n\n<p class=\"has-medium-font-size\">La edici\u00f3n 2022, bajo el lema \u201c<em>Saber que se puede<\/em>\u201d, cont\u00f3 con distintas actividades orientadas a la prevenci\u00f3n: talleres, <a rel=\"noreferrer noopener\" href=\"http:\/\/www.opyguadigital.com.ar\/lab\/2022\/11\/08\/cancer-de-mama-charla-sobre-prevencion-y-deteccion\/\" data-type=\"URL\" data-id=\"http:\/\/www.opyguadigital.com.ar\/lab\/2022\/11\/08\/cancer-de-mama-charla-sobre-prevencion-y-deteccion\/\" target=\"_blank\">charlas con especialistas<\/a> y operativos para realizarse estudios m\u00e9dicos en el acto ubicados en varias localidades de la provincia como Jard\u00edn Am\u00e9rica, Iguaz\u00fa, Eldorado y Posadas.<\/p>\n\n\n\n<figure class=\"wp-block-embed is-type-rich is-provider-soundcloud wp-block-embed-soundcloud\"><div class=\"wp-block-embed__wrapper\">\n<iframe loading=\"lazy\" title=\"Lisandro Benmaor Charla De Prevenci\u00f3n De C\u00e1ncer De Mama En El IPS by Natasha Kosinski\" width=\"640\" height=\"400\" scrolling=\"no\" frameborder=\"no\" src=\"https:\/\/w.soundcloud.com\/player\/?visual=true&#038;url=https%3A%2F%2Fapi.soundcloud.com%2Ftracks%2F1375777654&#038;show_artwork=true&#038;maxheight=960&#038;maxwidth=640\"><\/iframe> \n<\/div><figcaption class=\"wp-element-caption\"><em>Entrevista con Dr. Lisandro Benmaor, Presidente del IPS<\/em><\/figcaption><\/figure>\n\n\n\n<p class=\"has-medium-font-size\">Tambi\u00e9n se organizaron actividades recreativas, como el <strong>Abrazo Rosa <\/strong>en Jard\u00edn Am\u00e9rica y la <strong>Carrera Rosa<\/strong>, que recorri\u00f3 las costaneras de Posadas e Iguaz\u00fa. Tambi\u00e9n se organiz\u00f3 el <a rel=\"noreferrer noopener\" href=\"http:\/\/www.opyguadigital.com.ar\/lab\/2022\/11\/08\/tercera-edicion-del-certamen-literario-la-letra-rosa\/\" data-type=\"URL\" data-id=\"http:\/\/www.opyguadigital.com.ar\/lab\/2022\/11\/08\/tercera-edicion-del-certamen-literario-la-letra-rosa\/\" target=\"_blank\">concurso literario <em>\u201cLa Letra Rosa\u201d<\/em><\/a>, que celebr\u00f3 su tercera edici\u00f3n buscando visibilizar la experiencia de pacientes y familiares que acompa\u00f1aron la enfermedad a partir de la literatura.<\/p>\n\n\n\n<figure class=\"wp-block-embed is-type-video is-provider-youtube wp-block-embed-youtube wp-embed-aspect-16-9 wp-has-aspect-ratio\"><div class=\"wp-block-embed__wrapper\">\n<iframe loading=\"lazy\" title=\"Lectura de &quot;Cangrejo y acuarela&quot; - III Concurso Literario &quot;La Letra Rosa&quot;\" width=\"640\" height=\"360\" src=\"https:\/\/www.youtube.com\/embed\/GKWhm5xp62Q?feature=oembed\" frameborder=\"0\" allow=\"accelerometer; autoplay; clipboard-write; encrypted-media; gyroscope; picture-in-picture; web-share\" referrerpolicy=\"strict-origin-when-cross-origin\" allowfullscreen><\/iframe>\n<\/div><figcaption class=\"wp-element-caption\"><em>Lectura del cuento \u00abCangrejo y acuarela\u00bb en el concurso La Letra Rosa<\/em><\/figcaption><\/figure>\n\n\n\n<p class=\"has-medium-font-size\">En el programa de actividades, organizado por la Secretar\u00eda de Salud y Desarrollo Humano de la provincia, participaron municipalidades, instituciones como el <strong>Instituto Misionero del C\u00e1ncer <\/strong>y el <strong>Hospital Madariaga<\/strong>, adem\u00e1s de empresas y otras organizaciones que colaboraron en calidad de auspiciantes.<\/p>\n\n\n\n<p class=\"has-medium-font-size\">Como evento de cierre se organiz\u00f3 el <strong>C\u00f3ctel Rosa<\/strong>, un desfile con m\u00fasica en vivo que se celebr\u00f3 el 27 de octubre en Posadas, jornada que cerr\u00f3 con un brindis en el que la presentadora Silvia Ferreyra destac\u00f3 que <strong>\u00ab<\/strong><em>el chequeo preventivo es clave, por eso estamos hoy ac\u00e1. El apoyo y las ganas de seguir adelante, tambi\u00e9n. No estamos solas<\/em>\u00ab.<\/p>\n\n\n\n<figure class=\"wp-block-embed is-type-wp-embed is-provider-genially wp-block-embed-genially\"><div class=\"wp-block-embed__wrapper\">\n<iframe class=\"wp-embedded-content\" sandbox=\"allow-scripts\" security=\"restricted\" title=\"Octubre Mes Rosa: \u00bfYa te hiciste tu chequeo?\" frameborder='0' width='733' height='436' src='https:\/\/view.genial.ly\/63631ff780b0e400107891fe#?secret=nyQc2ZD9QW' data-secret='nyQc2ZD9QW' scrolling='yes'><\/iframe> \n<\/div><figcaption class=\"wp-element-caption\"><em><strong>\u00abEl chequeo preventivo es clave\u00bb<\/strong>: los estudios incluidos en la revisi\u00f3n anual.<\/em><\/figcaption><\/figure>\n\n\n\n<p><\/p>\n\n\n\n<p><\/p>\n\n\n\n<p><strong>Redacci\u00f3n, infograf\u00eda, grabaci\u00f3n y edici\u00f3n de video, fotograf\u00edas: <\/strong>Gutierrez, Camila<\/p>\n\n\n\n<p><strong>Grabaci\u00f3n y edici\u00f3n de entrevista:<\/strong> Kosinski, Natasha<\/p>\n","protected":false},"excerpt":{"rendered":"<p>Despu\u00e9s de un mes cargado de charlas y actividades recreativas, este 27 de octubre finaliz\u00f3 el Mes Rosa en Misiones. El evento se enfoc\u00f3 en la concientizaci\u00f3n sobre el c\u00e1ncer de mama y este a\u00f1o incluy\u00f3 charlas, operativos de chequeos m\u00e9dicos, un concurso literario y un evento festivo de cierre. El Mes Rosa es una [&hellip;]<\/p>\n","protected":false},"author":14,"featured_media":1347,"comment_status":"open","ping_status":"open","sticky":true,"template":"","format":"standard","meta":{"footnotes":""},"categories":[3,157],"tags":[170,165,161],"class_list":["post-1325","post","type-post","status-publish","format-standard","has-post-thumbnail","hentry","category-destacar","category-mes-rosa","tag-cancer-de-mama-2","tag-mes-rosa","tag-prevencion-2"],"_links":{"self":[{"href":"http:\/\/www.opyguadigital.com.ar\/lab\/wp-json\/wp\/v2\/posts\/1325","targetHints":{"allow":["GET"]}}],"collection":[{"href":"http:\/\/www.opyguadigital.com.ar\/lab\/wp-json\/wp\/v2\/posts"}],"about":[{"href":"http:\/\/www.opyguadigital.com.ar\/lab\/wp-json\/wp\/v2\/types\/post"}],"author":[{"embeddable":true,"href":"http:\/\/www.opyguadigital.com.ar\/lab\/wp-json\/wp\/v2\/users\/14"}],"replies":[{"embeddable":true,"href":"http:\/\/www.opyguadigital.com.ar\/lab\/wp-json\/wp\/v2\/comments?post=1325"}],"version-history":[{"count":28,"href":"http:\/\/www.opyguadigital.com.ar\/lab\/wp-json\/wp\/v2\/posts\/1325\/revisions"}],"predecessor-version":[{"id":1805,"href":"http:\/\/www.opyguadigital.com.ar\/lab\/wp-json\/wp\/v2\/posts\/1325\/revisions\/1805"}],"wp:featuredmedia":[{"embeddable":true,"href":"http:\/\/www.opyguadigital.com.ar\/lab\/wp-json\/wp\/v2\/media\/1347"}],"wp:attachment":[{"href":"http:\/\/www.opyguadigital.com.ar\/lab\/wp-json\/wp\/v2\/media?parent=1325"}],"wp:term":[{"taxonomy":"category","embeddable":true,"href":"http:\/\/www.opyguadigital.com.ar\/lab\/wp-json\/wp\/v2\/categories?post=1325"},{"taxonomy":"post_tag","embeddable":true,"href":"http:\/\/www.opyguadigital.com.ar\/lab\/wp-json\/wp\/v2\/tags?post=1325"}],"curies":[{"name":"wp","href":"https:\/\/api.w.org\/{rel}","templated":true}]}}