{"id":176,"date":"2022-11-01T13:03:29","date_gmt":"2022-11-01T13:03:29","guid":{"rendered":"http:\/\/www.opyguadigital.com.ar\/lab\/?p=176"},"modified":"2022-11-08T20:08:37","modified_gmt":"2022-11-08T20:08:37","slug":"marcelo-kuczek-estamos-contentos-que-se-realicen-estos-eventos","status":"publish","type":"post","link":"http:\/\/www.opyguadigital.com.ar\/lab\/2022\/11\/01\/marcelo-kuczek-estamos-contentos-que-se-realicen-estos-eventos\/","title":{"rendered":"Marcelo Kuczek: \u201cEstamos contentos que se realicen estos eventos\u00bb"},"content":{"rendered":"\n<p class=\"has-text-align-left\" style=\"font-size:14px\"><strong>Marcelo Kuczek integrante co-fundador de Flores a los chachos, hace viva sus expectativas al ser telonero de la banda de rock La Bersuit que se presentar\u00e1 el 9 de octubre en \u00abLa Cascada\u00bb de Posadas. A su vez, hace hincapi\u00e9 en que existan espacios de est\u00e1s dimensiones para artistas en la ciudad.<\/strong><\/p>\n\n\n\n<p>La banda de rock litorale\u00f1o \u00abFlores a los chanchos\u00bb formada en el a\u00f1o 1999 por Fernando Solis y Marcelo Kuczek, se va a presentar frente miles de espectadores en \u00abParque la cantera\u00bb, mejor conocido como \u00abLa cascada\u00bb el futuro 9 de octubre del presente a\u00f1o (2022). Es por este motivo se dar\u00e1 voz al guitarrista de la banda telonera, el cual nos brindara el testimonio de sus expectativas como m\u00fasico local.<\/p>\n\n\n\n<p>Marcelo Kuczek expresa con gran alegr\u00eda la vuelta al escenario y adem\u00e1s que estos eventos se pueden hacer en un ambiente familiar,  se refleje una tranquilidad que  pueda brindar un domingo. Adem\u00e1s, resalta la impronta de que vuelvan estos <a href=\"http:\/\/www.opyguadigital.com.ar\/lab\/2022\/11\/01\/bersuit-hizo-latir-a-posadas-con-su-show-gratuito-en-la-cascada\/\" target=\"_blank\" rel=\"noreferrer noopener\">eventos multitudinarios<\/a> que permiten a los artistas tener mayor difusi\u00f3n y al p\u00fablico una mejor experiencia.<\/p>\n\n\n\n<p><br><strong>De todos modos, no es color de rosas ser un artista independiente<\/strong> tal como resalta Kuczek: <em>\u201cno tenemos tantos lugares de rock en Posadas, entonces estamos tocando en Corrientes o nos vamos a tocar a Buenos Aires\u201d<\/em>. <a href=\"http:\/\/www.opyguadigital.com.ar\/lab\/2022\/11\/01\/rock-en-posadas-conoce-la-problematica-de-las-bandas-locales-a-la-hora-de-conseguir-lugar-para-tocar\/\" target=\"_blank\" rel=\"noreferrer noopener\">La problem\u00e1tica<\/a> de conseguir espacios habilitados para un recital de rock sigue en pie en la actualidad.<\/p>\n\n\n\n<p class=\"has-text-align-center\"><img loading=\"lazy\" decoding=\"async\" src=\"https:\/\/lh3.googleusercontent.com\/sh2wye-As9Kt7GqVKG0enb0FHG8k9MoEoJMBYffH2br7KStGn0Vxq-oQq4jX7N0B-Y_D9y10iTyIzARper3DUwPjHR6CxIl8kquLAFJ7b5kMu2Kidt6Nu0bP0saxXBG1-TUBr8eM_9Fp9y1eibCFUr2ZnN4mHS7O51Y3z-EJvmEQSfeCYVyI28aNZW-L\" width=\"471\" height=\"265\"><\/p>\n\n\n\n<p>Por \u00faltimo, hay que mencionar la relaci\u00f3n de Manuel Uriona -percusionista de <a href=\"http:\/\/www.opyguadigital.com.ar\/lab\/2022\/11\/01\/la-bersuit-multitudinarios-recitales-en-la-provincia-de-misiones\/\" target=\"_blank\" rel=\"noreferrer noopener\">La Bersuit<\/a>&#8211; y Fernando Solis -baterista de Flores a los chanchos-. Recalcar que grabaron canciones en conjunto y la importancia de tocar en el mismo escenario y compartir una canci\u00f3n juntos tal como lo anticipa Kuczek en la entrevista.<\/p>\n\n\n\n<blockquote class=\"wp-block-quote is-layout-flow wp-block-quote-is-layout-flow\">\n<p><em>\u201cSiempre produciendo, siempre grabando y siempre proyectando nuestra m\u00fasica\u201d <\/em><\/p>\n<cite>Finaliza la entrevista Kuczek.<\/cite><\/blockquote>\n\n\n\n<p><br><\/p>\n\n\n\n<iframe loading=\"lazy\" width=\"100%\" height=\"300\" scrolling=\"no\" frameborder=\"no\" allow=\"autoplay\" src=\"https:\/\/w.soundcloud.com\/player\/?url=https%3A\/\/api.soundcloud.com\/tracks\/1378996867&#038;color=%236c543c&#038;auto_play=false&#038;hide_related=false&#038;show_comments=true&#038;show_user=true&#038;show_reposts=false&#038;show_teaser=true&#038;visual=true\"><\/iframe><div style=\"font-size: 10px; color: #cccccc;line-break: anywhere;word-break: normal;overflow: hidden;white-space: nowrap;text-overflow: ellipsis; font-family: Interstate,Lucida Grande,Lucida Sans Unicode,Lucida Sans,Garuda,Verdana,Tahoma,sans-serif;font-weight: 100;\"><a href=\"https:\/\/soundcloud.com\/lucas-fioravante-4597949\" title=\"Lucas Fioravante\" target=\"_blank\" style=\"color: #cccccc; text-decoration: none;\" rel=\"noopener\">Lucas Fioravante<\/a> \u00b7 <a href=\"https:\/\/soundcloud.com\/lucas-fioravante-4597949\/marcelo-kuczek-estamos-contentos-que-se-realicen-estos-eventos\" title=\"Marcelo Kuczek: \u201cestamos contentos que se realicen estos eventos&quot;\" target=\"_blank\" style=\"color: #cccccc; text-decoration: none;\" rel=\"noopener\">Marcelo Kuczek: \u201cestamos contentos que se realicen estos eventos&quot;<\/a><\/div>\n\n\n\n<p style=\"font-size:10px\"><strong>Flores a los chanchos pidieron expresamente que utilicemos sus fotos que utilizan en su gacetilla de prensa de esta manera -todos los derechos de las fotos a Flores a los Chanchos-<\/strong><\/p>\n\n\n\n<p class=\"has-small-font-size\"><strong>Realizado por: Lucas Agust\u00edn Fioravante<\/strong><\/p>\n","protected":false},"excerpt":{"rendered":"<p>Marcelo Kuczek integrante co-fundador de Flores a los chachos, hace viva sus expectativas al ser telonero de la banda de rock La Bersuit que se presentar\u00e1 el 9 de octubre en \u00abLa Cascada\u00bb de Posadas. A su vez, hace hincapi\u00e9 en que existan espacios de est\u00e1s dimensiones para artistas en la ciudad. La banda de [&hellip;]<\/p>\n","protected":false},"author":4,"featured_media":180,"comment_status":"open","ping_status":"open","sticky":false,"template":"","format":"standard","meta":{"footnotes":""},"categories":[1],"tags":[14,13,17,15],"class_list":["post-176","post","type-post","status-publish","format-standard","has-post-thumbnail","hentry","category-sin-categoria","tag-bersuit-en-posadas","tag-cultura","tag-entrevista","tag-rock-local"],"_links":{"self":[{"href":"http:\/\/www.opyguadigital.com.ar\/lab\/wp-json\/wp\/v2\/posts\/176","targetHints":{"allow":["GET"]}}],"collection":[{"href":"http:\/\/www.opyguadigital.com.ar\/lab\/wp-json\/wp\/v2\/posts"}],"about":[{"href":"http:\/\/www.opyguadigital.com.ar\/lab\/wp-json\/wp\/v2\/types\/post"}],"author":[{"embeddable":true,"href":"http:\/\/www.opyguadigital.com.ar\/lab\/wp-json\/wp\/v2\/users\/4"}],"replies":[{"embeddable":true,"href":"http:\/\/www.opyguadigital.com.ar\/lab\/wp-json\/wp\/v2\/comments?post=176"}],"version-history":[{"count":12,"href":"http:\/\/www.opyguadigital.com.ar\/lab\/wp-json\/wp\/v2\/posts\/176\/revisions"}],"predecessor-version":[{"id":832,"href":"http:\/\/www.opyguadigital.com.ar\/lab\/wp-json\/wp\/v2\/posts\/176\/revisions\/832"}],"wp:featuredmedia":[{"embeddable":true,"href":"http:\/\/www.opyguadigital.com.ar\/lab\/wp-json\/wp\/v2\/media\/180"}],"wp:attachment":[{"href":"http:\/\/www.opyguadigital.com.ar\/lab\/wp-json\/wp\/v2\/media?parent=176"}],"wp:term":[{"taxonomy":"category","embeddable":true,"href":"http:\/\/www.opyguadigital.com.ar\/lab\/wp-json\/wp\/v2\/categories?post=176"},{"taxonomy":"post_tag","embeddable":true,"href":"http:\/\/www.opyguadigital.com.ar\/lab\/wp-json\/wp\/v2\/tags?post=176"}],"curies":[{"name":"wp","href":"https:\/\/api.w.org\/{rel}","templated":true}]}}