{"id":181,"date":"2022-11-01T13:05:31","date_gmt":"2022-11-01T13:05:31","guid":{"rendered":"http:\/\/www.opyguadigital.com.ar\/lab\/?p=181"},"modified":"2022-11-03T18:35:05","modified_gmt":"2022-11-03T18:35:05","slug":"la-bersuit-multitudinarios-recitales-en-la-provincia-de-misiones","status":"publish","type":"post","link":"http:\/\/www.opyguadigital.com.ar\/lab\/2022\/11\/01\/la-bersuit-multitudinarios-recitales-en-la-provincia-de-misiones\/","title":{"rendered":"La Bersuit: multitudinarios recitales en la provincia de Misiones"},"content":{"rendered":"\n<p class=\"has-small-font-size\">En las dos \u00faltimas d\u00e9cadas, la banda de rock nacional, ha brindado al p\u00fablico misionero seis&nbsp; masivos shows, de los cuales cuatro fueron en la ciudad de Posadas y dos en Eldorado. En este \u00faltimo concierto en la capital, el p\u00fablico super\u00f3 a las 15 mil personas.&nbsp;<\/p>\n\n\n\n<figure class=\"wp-block-image size-large\"><img loading=\"lazy\" decoding=\"async\" width=\"1024\" height=\"683\" src=\"http:\/\/www.opyguadigital.com.ar\/lab\/wp-content\/uploads\/2022\/11\/WhatsApp-Image-2022-11-02-at-12.02.51-AM-1024x683.jpeg\" alt=\"\" class=\"wp-image-680\" srcset=\"http:\/\/www.opyguadigital.com.ar\/lab\/wp-content\/uploads\/2022\/11\/WhatsApp-Image-2022-11-02-at-12.02.51-AM-1024x683.jpeg 1024w, http:\/\/www.opyguadigital.com.ar\/lab\/wp-content\/uploads\/2022\/11\/WhatsApp-Image-2022-11-02-at-12.02.51-AM-300x200.jpeg 300w, http:\/\/www.opyguadigital.com.ar\/lab\/wp-content\/uploads\/2022\/11\/WhatsApp-Image-2022-11-02-at-12.02.51-AM-768x512.jpeg 768w, http:\/\/www.opyguadigital.com.ar\/lab\/wp-content\/uploads\/2022\/11\/WhatsApp-Image-2022-11-02-at-12.02.51-AM.jpeg 1152w\" sizes=\"auto, (max-width: 1024px) 100vw, 1024px\" \/><\/figure>\n\n\n\n<p>La Bersuit,\u00a0 originaria del barrio Barracas, de la provincia de Buenos Aires, brind\u00f3 un show este domingo 9 de Octubre en el \u201cParque la Cantera\u00bb de la Costanera en la ciudad de Posadas. <a rel=\"noreferrer noopener\" href=\"http:\/\/www.opyguadigital.com.ar\/lab\/?p=161&amp;preview=true&amp;_thumbnail_id=167\" target=\"_blank\">El evento<\/a> fue para todo p\u00fablico, con entrada libre y gratuita, organizado por la Municipalidad de Posadas. En esta oportunidad tambi\u00e9n, diferentes artistas locales se hicieron presentes en el show: Ronda y los Nenekos, <a rel=\"noreferrer noopener\" href=\"http:\/\/www.opyguadigital.com.ar\/lab\/2022\/11\/01\/marcelo-kuczek-estamos-contentos-que-se-realicen-estos-eventos\/\" target=\"_blank\">Flores a los chanchos<\/a> y Los Nu\u00f1ez. <\/p>\n\n\n\n<p class=\"has-text-align-center\"><img loading=\"lazy\" decoding=\"async\" src=\"https:\/\/lh6.googleusercontent.com\/gm5vFX2VSvCurUX6cxTziU3WPDHmp5nCBDDI0bN1pS7N9OKdOJ2E_8MlOdmhbC1do9RkucCtVuVapoj7CDbQmobazeTov-orONPSdubdQy9I4rDejkL8AfXHarxh-o0zjbfu2WX3CpYFfw20sllBZRRCi3fWOao_h2OqKCsT7a88nOmW9a2FGPnhZAEN\" width=\"409\" height=\"1020\"><\/p>\n\n\n\n<p>En 2019, la banda toc\u00f3 en el cierre de la decimoprimera edici\u00f3n de <em>\u201cPor los j\u00f3venes, todo\u201d<\/em>, que se realiz\u00f3 en el Anfiteatro Manuel A. Ramirez de Posadas. Este evento convoc\u00f3 a miles de estudiantes de escuelas secundarias de la ciudad que compitieron por importantes premios, impulsados por la Presidencia de la C\u00e1mara de Representantes y el Gobierno de la Provincia de Misiones.&nbsp;<\/p>\n\n\n\n<p>En el a\u00f1o 2016, se present\u00f3 en el cuarto tramo de la Costanera de Posadas, donde tambi\u00e9n actuaron bandas locales. En esa ocasi\u00f3n fue la Fundaci\u00f3n Defensora De Derechos Humanos Germania y el Centro de Derechos Humanos Pedro Peczak UNAM, quienes organizaron \u201c40 a\u00f1os. Nunca m\u00e1s\u201d.&nbsp;<\/p>\n\n\n\n<p>En marzo de 2015 quien se present\u00f3 fue Gustavo Cordera, que ya en ese momento era ex integrante de Bersuit Vergarabat, en el cuarto tramo de la Costanera de Posadas. En el marco de las actividades del programa \u201cM\u00e1s memoria, m\u00e1s democracia con justicia\u201d. El cantante adem\u00e1s de cantar sus canciones, cant\u00f3 canciones de su ex banda.<\/p>\n\n\n\n<p>Retrocediendo a\u00fan m\u00e1s en el tiempo, en el a\u00f1o 2006, La Bersuit tuvo su primer show en la provincia, en la ciudad de Eldorado. Donde hubo gran concurrencia por parte del p\u00fablico, lo que hizo que a\u00f1os despu\u00e9s, en febrero de 2014, la banda de rock tocara en la misma ciudad junto con otros cuatro <a rel=\"noreferrer noopener\" href=\"http:\/\/www.opyguadigital.com.ar\/lab\/2022\/11\/01\/rock-en-posadas-conoce-la-problematica-de-las-bandas-locales-a-la-hora-de-conseguir-lugar-para-tocar\/\" data-type=\"URL\" data-id=\"http:\/\/www.opyguadigital.com.ar\/lab\/2022\/11\/01\/rock-en-posadas-conoce-la-problematica-de-las-bandas-locales-a-la-hora-de-conseguir-lugar-para-tocar\/\" target=\"_blank\">grupos soportes<\/a>:&nbsp; \u201cLos Veranos\u201d, \u201cLa Cuarta\u201d, \u201cRemito\u201d y \u201cLa Milonguera\u201d. Todos los eventos en los que la banda particip\u00f3 en la provincia fueron de entrada libre y gratuita, solo que en esta oportunidad se le pidi\u00f3 al p\u00fablico colaborar con \u00fatiles y zapatillas para donar a los ni\u00f1os.<\/p>\n\n\n\n<p class=\"has-text-align-center\"><img loading=\"lazy\" decoding=\"async\" src=\"https:\/\/lh6.googleusercontent.com\/K0wcQwIxpLTnlO5uL3fmcGxlex2SAaoUSaqH9D3RuSCmLGjR4dQRjCzTugTamGGzqGC1ur9X-OBcjpDxMel34fLqNd191GH4MhvkmiBPg8ocqg_PXqcjCozp0Kt-2N4gotMtBQVZKRuQpXRH3hiHEj6wmS80lFULHdsxYHY3IJvvTxKWdlPGdzFmToV2\" width=\"418\" height=\"1043\"><\/p>\n\n\n\n<p>Con m\u00e1s de 30 a\u00f1os de trayectoria e importantes \u00e9xitos, siendo una de las bandas de rock m\u00e1s importantes de la Argentina. El&nbsp; grupo se hizo notable a finales de los a\u00f1os noventa por unir este g\u00e9nero musical con ritmos latinoamericanos (como la cumbia, el tango, la chacarera o el candombe) y letras cargadas de cr\u00edticas hacia el sistema pol\u00edtico y la sociedad. Entre sus \u00e9xitos m\u00e1s destacados: \u00abLa argentinidad\u00bb y \u00abUn pacto\u00bb, canciones que han sonado para todo el p\u00fablico misionero.<\/p>\n\n\n\n<p class=\"has-small-font-size\"><strong>Realizado por: Brisa Escobar<\/strong><\/p>\n\n\n\n<p><\/p>\n\n\n\n\n\n\n","protected":false},"excerpt":{"rendered":"<p>En las dos \u00faltimas d\u00e9cadas, la banda de rock nacional, ha brindado al p\u00fablico misionero seis&nbsp; masivos shows, de los cuales cuatro fueron en la ciudad de Posadas y dos en Eldorado. En este \u00faltimo concierto en la capital, el p\u00fablico super\u00f3 a las 15 mil personas.&nbsp; La Bersuit,\u00a0 originaria del barrio Barracas, de la [&hellip;]<\/p>\n","protected":false},"author":4,"featured_media":0,"comment_status":"open","ping_status":"open","sticky":false,"template":"","format":"standard","meta":{"footnotes":""},"categories":[1],"tags":[14,13,18,19],"class_list":["post-181","post","type-post","status-publish","format-standard","hentry","category-sin-categoria","tag-bersuit-en-posadas","tag-cultura","tag-historia","tag-rock"],"_links":{"self":[{"href":"http:\/\/www.opyguadigital.com.ar\/lab\/wp-json\/wp\/v2\/posts\/181","targetHints":{"allow":["GET"]}}],"collection":[{"href":"http:\/\/www.opyguadigital.com.ar\/lab\/wp-json\/wp\/v2\/posts"}],"about":[{"href":"http:\/\/www.opyguadigital.com.ar\/lab\/wp-json\/wp\/v2\/types\/post"}],"author":[{"embeddable":true,"href":"http:\/\/www.opyguadigital.com.ar\/lab\/wp-json\/wp\/v2\/users\/4"}],"replies":[{"embeddable":true,"href":"http:\/\/www.opyguadigital.com.ar\/lab\/wp-json\/wp\/v2\/comments?post=181"}],"version-history":[{"count":13,"href":"http:\/\/www.opyguadigital.com.ar\/lab\/wp-json\/wp\/v2\/posts\/181\/revisions"}],"predecessor-version":[{"id":826,"href":"http:\/\/www.opyguadigital.com.ar\/lab\/wp-json\/wp\/v2\/posts\/181\/revisions\/826"}],"wp:attachment":[{"href":"http:\/\/www.opyguadigital.com.ar\/lab\/wp-json\/wp\/v2\/media?parent=181"}],"wp:term":[{"taxonomy":"category","embeddable":true,"href":"http:\/\/www.opyguadigital.com.ar\/lab\/wp-json\/wp\/v2\/categories?post=181"},{"taxonomy":"post_tag","embeddable":true,"href":"http:\/\/www.opyguadigital.com.ar\/lab\/wp-json\/wp\/v2\/tags?post=181"}],"curies":[{"name":"wp","href":"https:\/\/api.w.org\/{rel}","templated":true}]}}