{"id":1938,"date":"2023-11-17T22:11:19","date_gmt":"2023-11-17T22:11:19","guid":{"rendered":"http:\/\/www.opyguadigital.com.ar\/lab\/?p=1938"},"modified":"2023-11-28T17:16:53","modified_gmt":"2023-11-28T17:16:53","slug":"se-realizo-la-marcha-por-el-orgullo-en-posadas","status":"publish","type":"post","link":"http:\/\/www.opyguadigital.com.ar\/lab\/2023\/11\/17\/se-realizo-la-marcha-por-el-orgullo-en-posadas\/","title":{"rendered":"la Comunidad LGBTIQNB+ march\u00f3 en Posadas"},"content":{"rendered":"\n<p><em><strong>La Convocatoria promovi\u00f3 la uni\u00f3n de activistas independientes y pertenecientes a la comunidad y a diferentes Organizaciones de la Provincia, pero tambi\u00e9n, de otras, no pertenecientes a la misma.<\/strong><\/em><\/p>\n\n\n\n<p><\/p>\n\n\n\n<p>La  marcha por el orgullo que comenz\u00f3 en el M\u00e1stil de la Ciudad de Posadas y se dirigi\u00f3 hasta la Plaza 9 de julio, impuls\u00f3 una convocatoria masiva que logr\u00f3 unir a diferentes organizaciones auto convocadas con motivo de acompa\u00f1ar la lucha por sus derechos,  y de defenderlos bajo el lema <strong>\u00abNi un paso atr\u00e1s, la<\/strong> <strong>deuda es con nosotres\u00bb<\/strong> entre otros tantos, c\u00f3mo lo fue el matrimonio igualitario.<\/p>\n\n\n\n<p>En la marcha estuvieron la Organizaci\u00f3n Movimiento Evita, Foro de Objetivos y Desarrollo Sustentable, estuvieron tambi\u00e9n, el Espacio Uni\u00f3n por la Cultura y la Asociaci\u00f3n Somos Diverses junto con el colectivo 108 y la Organizaci\u00f3n Diversidad Misiones CCC  quienes lograron presentar diferentes ejes en sus charlas relatadas en la Plaza, todas sus exposiciones expresadas, fueron con motivos de luchar por obtener el derecho a <strong>la igualdad de g\u00e9nero<\/strong>, y a trav\u00e9s de eso, poder potenciar la igualdad en los espacios productivos, pero tambi\u00e9n por mantener los principios democr\u00e1ticos en la sociedad.<\/p>\n\n\n\n<p>Los sentimientos de lucha y defensa por la democracia quedaron establecidas en las charlas relatadas por los  exponentes de cada organizaci\u00f3n en el Espacio P\u00fablico, as\u00ed lo expres\u00f3  Kevin Gonzales que estuvo presente tambi\u00e9n en la marcha y quien pertenece a la Organizaci\u00f3n de Diversidad Misiones CCC al decir que: \u00abcomo la marcha es pol\u00edtica, uno sale a reclamar derechos,  y tambi\u00e9n sale a festejar los derechos que ya se consiguieron\u00bb, siendo de esa forma, que el referente de Diversidad Misiones, pudo lograr afirmar sobre el objetivo que se propusieron como Organizaci\u00f3n en comentar y ejecutar durante la marcha. <\/p>\n\n\n\n<p>Por otra parte, los mismos activistas y organizadores auto convocados, expresaron que  la marcha por la celebraci\u00f3n del orgullo pudo lograr visibilizar a\u00fan m\u00e1s a toda la Comunidad, pero tambi\u00e9n a los derechos por los que se encuentran luchando, y festejar por los que ya lograron obtener a\u00f1os atr\u00e1s, por eso compartieron que lograron m\u00e1s de lo pudieron, y celebraron lo que ya consiguieron, as\u00ed manifest\u00f3 Roema Bareiro, Activista LGBTIQNB+ al decir que: <strong>\u00bb los distintos derechos y los marcos normativos como la Ley de <a href=\"http:\/\/www.opyguadigital.com.ar\/lab\/2023\/11\/24\/la-aplicacion-de-la-ley-de-identidad-de-genero-en-el-registro-de-las-personas\/?preview_id=2320&amp;previe\">Identidad de g\u00e9nero<\/a> en el a\u00f1o 2012, la Ley de estudios formales Travestis durante el 2021, el reconocimiento de la Identidad no binaria, y otros marcos normativos que se fueron reconociendo a las personas con orientaciones sexuales y de Identidad de g\u00e9nero por fuera de la heterosexualidad\u00bb<\/strong> fueron motivos de <strong>lucha durante esos a\u00f1os,<\/strong> y lograron abrir pasos para celebrar pero tambi\u00e9n para seguir luchando por ellos.<\/p>\n\n\n\n<p>El activista Roema Bareiro de la comunidad Lesbianas  Gays, Bisexuales, Trans y no Binarias de la Ciudad de Posadas  explic\u00f3 que:<strong> \u00bb para nosotros como comunidad nos genero alivio y alegr\u00eda de poder tener el acompa\u00f1amiento del estado en las cuestiones del uso del espacio publico y de servicios t\u00e9cnicos\u00bb<\/strong>, coment\u00f3. <\/p>\n\n\n\n<p>Cabe se\u00f1alar, que el activista Roema Bareiro resalt\u00f3 que tambi\u00e9n estuvieron marchando por defender los derechos de las personas Trans de la comunidad, por que al ser personas discriminadas por la sociedad, y vulnerables por sus situaciones econ\u00f3micas y familiares, comienzan a ser excluidas, sin contenci\u00f3n y que por eso van afectando a su salud mental, porque desde la sociedad no encuentran un espacio de representaci\u00f3n para que puedan fluir en garantizar la diversidad y la representaci\u00f3n, y son obligadas a trabajar en trabajos no favorables para la salud mental de todos sus compa\u00f1eros de<a href=\"http:\/\/www.opyguadigital.com.ar\/lab\/2023\/11\/27\/roema-bareiro-mi-nombre-es-auto-percibido-en-el-marco-de-la-ley-de-identidad-de-genero-y-de-la-identidad-no-binaria\/?preview_id=2445&amp;preview_nonce=f9c47cfd5a&amp;preview=true&amp;_thumbnail_id=2459\"> la comunidad LGBTIQNB+. <\/a><\/p>\n\n\n\n<p>As\u00ed como estuvieron marchando por esos derechos mencionados, tambi\u00e9n resaltaron la importancia de la Salud Mental ante las situaciones de discriminaci\u00f3n como \u00abinsultos y la exclusi\u00f3n\u00bb, situaciones que hicieron que no puedan habitar diferentes espacios y tampoco poder expresarse libremente en la sociedad resultando ser condiciones que dan como respuesta a la afectaci\u00f3n de la Salud Mental de las personas LGBTIQNB+ que reciben de una mayoritaria parte de la sociedad.  <\/p>\n\n\n\n<p>Siendo desde el lugar de las organizaciones mencionadas, y activistas independientes quienes lograron desarrollar junto a todas las dem\u00e1s personas no pertenecientes a la comunidad, la realizaci\u00f3n de toda la jornada de la Marcha por el Orgullo LGTBIQNB+ 2023 en la Ciudad de Posadas. <\/p>\n\n\n\n<p><\/p>\n\n\n\n<p>A continuaci\u00f3n encontraran una entrevista realizada a Roema Bareiro, quien es activista de la comunidad LGBTIQNB+ de la Ciudad de Posadas, quien estuvo comentando sobre c\u00f3mo fueron los inicios de la marcha por el Orgullo en la Ciudad de Posadas.<\/p>\n\n\n\n<figure class=\"wp-block-embed is-type-rich is-provider-soundcloud wp-block-embed-soundcloud\"><div class=\"wp-block-embed__wrapper\">\n<iframe loading=\"lazy\" title=\"Entrevista a Roema Bareiro Activista de la Comunidad LGBTIQNB+ by Liliana Cardozo\" width=\"640\" height=\"400\" scrolling=\"no\" frameborder=\"no\" src=\"https:\/\/w.soundcloud.com\/player\/?visual=true&#038;url=https%3A%2F%2Fapi.soundcloud.com%2Ftracks%2F1670221398&#038;show_artwork=true&#038;maxheight=960&#038;maxwidth=640\"><\/iframe>\n<\/div><\/figure>\n\n\n\n<figure class=\"wp-block-image size-large\"><img loading=\"lazy\" decoding=\"async\" width=\"410\" height=\"1024\" src=\"http:\/\/www.opyguadigital.com.ar\/lab\/wp-content\/uploads\/2023\/11\/WhatsApp-Image-2023-11-28-at-18.10.52-410x1024.jpeg\" alt=\"\" class=\"wp-image-3010\" srcset=\"http:\/\/www.opyguadigital.com.ar\/lab\/wp-content\/uploads\/2023\/11\/WhatsApp-Image-2023-11-28-at-18.10.52-410x1024.jpeg 410w, http:\/\/www.opyguadigital.com.ar\/lab\/wp-content\/uploads\/2023\/11\/WhatsApp-Image-2023-11-28-at-18.10.52-120x300.jpeg 120w, http:\/\/www.opyguadigital.com.ar\/lab\/wp-content\/uploads\/2023\/11\/WhatsApp-Image-2023-11-28-at-18.10.52.jpeg 640w\" sizes=\"auto, (max-width: 410px) 100vw, 410px\" \/><\/figure>\n\n\n\n<p>Infograf\u00eda sobe la Marcha LGBTQINB+<\/p>\n\n\n\n<p> Roema Bareiro \u201cMi nombre es auto percibido en el marco de la Ley de Identidad de G\u00e9nero\u201d<\/p>\n\n\n\n<p><strong>l<em>os recorridos de la comunidad LBTQINB+ como movimiento dentro de posadas data del a\u00f1o 2010 cuando se comenz\u00f3 a hablar del proyecto de ley de Matrimonio Igualitario, que durante ese momento y ese a\u00f1o estaba en auge en el debate de las Ciencias Sociales.<\/em><\/strong> En el 2015 se comienza a visualizar un panorama de los reconocimientos de los derechos siendo el primer marco legal a nivel nacional hacia la comunidad LGBTQINB+ y luego a partir de ese entonces, se&nbsp; comienza a construir los distintos derechos y los marcos normativos como la Ley de Identidad de G\u00e9nero en el a\u00f1o 2012, luego se sanciono la ley de estudios formal para personas travestis, as\u00ed como tambi\u00e9n el reconocimiento de identidad no binaria y diferentes marcos normativos que se fueron reconociendo&nbsp; o hablando de la importancia del reconocimiento de las personas con orientaciones sexuales o identidad de g\u00e9nero por fuera de la heterosexualidad.<\/p>\n\n\n\n<figure class=\"wp-block-image size-full\"><img loading=\"lazy\" decoding=\"async\" width=\"410\" height=\"1024\" src=\"http:\/\/www.opyguadigital.com.ar\/lab\/wp-content\/uploads\/2023\/11\/rECORRIDO-HISTORICO-DE-LA-MARCHA-LGBTQINB.jpeg\" alt=\"\" class=\"wp-image-2992\" srcset=\"http:\/\/www.opyguadigital.com.ar\/lab\/wp-content\/uploads\/2023\/11\/rECORRIDO-HISTORICO-DE-LA-MARCHA-LGBTQINB.jpeg 410w, http:\/\/www.opyguadigital.com.ar\/lab\/wp-content\/uploads\/2023\/11\/rECORRIDO-HISTORICO-DE-LA-MARCHA-LGBTQINB-120x300.jpeg 120w\" sizes=\"auto, (max-width: 410px) 100vw, 410px\" \/><\/figure>\n\n\n\n<p>Infograf\u00eda sobre el recorrido hist\u00f3rico de la lucha de los derechos LGBTQNB+<\/p>\n\n\n\n<p><\/p>\n\n\n\n<p><strong>La aplicaci\u00f3n de la Ley de Identidad de g\u00e9nero en el Registro de las Personas<\/strong><\/p>\n\n\n\n<p><em>La Ley de identidad de g\u00e9nero N\u00b0 26.773 que se sanciono hace diez a\u00f1os en Argentina, ayudo a las <a href=\"http:\/\/www.opyguadigital.com.ar\/lab\/2023\/11\/17\/se-realizo-la-marcha-por-el-orgullo-en-posadas\/?preview_id=1938&amp;preview_nonce=5fc5182963&amp;preview=true&amp;_thumbnail_id=1928\">personas trans<\/a><a href=\"http:\/\/www.opyguadigital.com.ar\/lab\/2023\/11\/17\/se-realizo-la-marcha-por-el-orgullo-en-posadas\/?preview_id=1938&amp;preview_nonce=ec332837a7&amp;preview=t\"> <\/a>a que puedan inscribirse con su DNI de acuerdo con la identidad con la que se auto percib\u00edan. Esa ley estableci\u00f3 que cualquier persona tiene derecho a que se reconozca su identidad de g\u00e9nero<\/em>.<\/p>\n\n\n\n<p>En el registro de las personas que atienden a peticiones de la Comunidad LGBTQINB+, comenzaron a aplicar la ley de Identidad de G\u00e9nero desde el momento en que se inserto en la Argentina, siendo de esa forma que los cambios de g\u00e9nero que se fueron tramitando dentro de la normalidad, fueron aceptados y realizados los pedidos junto con el expediente que lo llevan a cabo junto con Abogados de los solicitantes, llevaron a cabo las partidas de nacimiento y posteriormente el tr\u00e1mite del nuevo documento:<\/p>\n\n\n\n<figure class=\"wp-block-embed is-type-video is-provider-youtube wp-block-embed-youtube wp-embed-aspect-16-9 wp-has-aspect-ratio\"><div class=\"wp-block-embed__wrapper\">\n<iframe loading=\"lazy\" title=\"Registro Provincial de las Personas y la Ley de Identidad de G\u00e9nero\" width=\"640\" height=\"360\" src=\"https:\/\/www.youtube.com\/embed\/aLehmVK5p_o?feature=oembed\" frameborder=\"0\" allow=\"accelerometer; autoplay; clipboard-write; encrypted-media; gyroscope; picture-in-picture; web-share\" referrerpolicy=\"strict-origin-when-cross-origin\" allowfullscreen><\/iframe>\n<\/div><\/figure>\n\n\n\n<figure class=\"wp-block-image size-full\"><img loading=\"lazy\" decoding=\"async\" width=\"1024\" height=\"1024\" src=\"http:\/\/www.opyguadigital.com.ar\/lab\/wp-content\/uploads\/2023\/11\/WhatsApp-Image-2023-11-24-at-23.18.36-1024x1024-1.jpeg\" alt=\"\" class=\"wp-image-2990\" srcset=\"http:\/\/www.opyguadigital.com.ar\/lab\/wp-content\/uploads\/2023\/11\/WhatsApp-Image-2023-11-24-at-23.18.36-1024x1024-1.jpeg 1024w, http:\/\/www.opyguadigital.com.ar\/lab\/wp-content\/uploads\/2023\/11\/WhatsApp-Image-2023-11-24-at-23.18.36-1024x1024-1-300x300.jpeg 300w, http:\/\/www.opyguadigital.com.ar\/lab\/wp-content\/uploads\/2023\/11\/WhatsApp-Image-2023-11-24-at-23.18.36-1024x1024-1-150x150.jpeg 150w, http:\/\/www.opyguadigital.com.ar\/lab\/wp-content\/uploads\/2023\/11\/WhatsApp-Image-2023-11-24-at-23.18.36-1024x1024-1-768x768.jpeg 768w\" sizes=\"auto, (max-width: 1024px) 100vw, 1024px\" \/><\/figure>\n\n\n\n<p> <\/p>\n\n\n\n<p>Eloisa Araci quien trabaja en el Registro Provincial de las Personas coment\u00f3 sobre los cambios de g\u00e9nero a partir de la ley sancionada en el 2012<\/p>\n\n\n\n<iframe loading=\"lazy\" title=\"Eloisa Araci explic\u00f3 sobre la Ley de Identidad de G\u00e9nero by Liliana Cardozo\" width=\"640\" height=\"400\" scrolling=\"no\" frameborder=\"no\" src=\"https:\/\/w.soundcloud.com\/player\/?visual=true&#038;url=https%3A%2F%2Fapi.soundcloud.com%2Ftracks%2F1673966994&#038;show_artwork=true&#038;maxheight=960&#038;maxwidth=640\"><\/iframe>\n\n\n\n<p>Im\u00e1genes tomadas de la marcha en la Plaza 9 de julio<\/p>\n\n\n\n<div class=\"wp-block-group\"><div class=\"wp-block-group__inner-container is-layout-constrained wp-block-group-is-layout-constrained\">\n<figure class=\"wp-block-gallery has-nested-images columns-default is-cropped wp-block-gallery-1 is-layout-flex wp-block-gallery-is-layout-flex\">\n<figure class=\"wp-block-image size-large\"><img loading=\"lazy\" decoding=\"async\" width=\"1024\" height=\"461\" data-id=\"2061\" src=\"http:\/\/www.opyguadigital.com.ar\/lab\/wp-content\/uploads\/2023\/11\/Marcha-2023-1024x461.jpeg\" alt=\"\" class=\"wp-image-2061\" srcset=\"http:\/\/www.opyguadigital.com.ar\/lab\/wp-content\/uploads\/2023\/11\/Marcha-2023-1024x461.jpeg 1024w, http:\/\/www.opyguadigital.com.ar\/lab\/wp-content\/uploads\/2023\/11\/Marcha-2023-300x135.jpeg 300w, http:\/\/www.opyguadigital.com.ar\/lab\/wp-content\/uploads\/2023\/11\/Marcha-2023-768x346.jpeg 768w, http:\/\/www.opyguadigital.com.ar\/lab\/wp-content\/uploads\/2023\/11\/Marcha-2023.jpeg 1280w\" sizes=\"auto, (max-width: 1024px) 100vw, 1024px\" \/><\/figure>\n\n\n\n<figure class=\"wp-block-image size-large\"><img loading=\"lazy\" decoding=\"async\" width=\"1024\" height=\"771\" data-id=\"2062\" src=\"http:\/\/www.opyguadigital.com.ar\/lab\/wp-content\/uploads\/2023\/11\/LGBTIQNB-1024x771.jpeg\" alt=\"\" class=\"wp-image-2062\" srcset=\"http:\/\/www.opyguadigital.com.ar\/lab\/wp-content\/uploads\/2023\/11\/LGBTIQNB-1024x771.jpeg 1024w, http:\/\/www.opyguadigital.com.ar\/lab\/wp-content\/uploads\/2023\/11\/LGBTIQNB-300x226.jpeg 300w, http:\/\/www.opyguadigital.com.ar\/lab\/wp-content\/uploads\/2023\/11\/LGBTIQNB-768x578.jpeg 768w, http:\/\/www.opyguadigital.com.ar\/lab\/wp-content\/uploads\/2023\/11\/LGBTIQNB-1536x1156.jpeg 1536w, http:\/\/www.opyguadigital.com.ar\/lab\/wp-content\/uploads\/2023\/11\/LGBTIQNB.jpeg 1600w\" sizes=\"auto, (max-width: 1024px) 100vw, 1024px\" \/><\/figure>\n\n\n\n<figure class=\"wp-block-image size-large\"><img loading=\"lazy\" decoding=\"async\" width=\"1024\" height=\"771\" data-id=\"2063\" src=\"http:\/\/www.opyguadigital.com.ar\/lab\/wp-content\/uploads\/2023\/11\/Plaza-9-de-julio-1024x771.jpeg\" alt=\"\" class=\"wp-image-2063\" srcset=\"http:\/\/www.opyguadigital.com.ar\/lab\/wp-content\/uploads\/2023\/11\/Plaza-9-de-julio-1024x771.jpeg 1024w, http:\/\/www.opyguadigital.com.ar\/lab\/wp-content\/uploads\/2023\/11\/Plaza-9-de-julio-300x226.jpeg 300w, http:\/\/www.opyguadigital.com.ar\/lab\/wp-content\/uploads\/2023\/11\/Plaza-9-de-julio-768x578.jpeg 768w, http:\/\/www.opyguadigital.com.ar\/lab\/wp-content\/uploads\/2023\/11\/Plaza-9-de-julio-1536x1156.jpeg 1536w, http:\/\/www.opyguadigital.com.ar\/lab\/wp-content\/uploads\/2023\/11\/Plaza-9-de-julio.jpeg 1600w\" sizes=\"auto, (max-width: 1024px) 100vw, 1024px\" \/><\/figure>\n\n\n\n<figure class=\"wp-block-image size-large\"><img loading=\"lazy\" decoding=\"async\" width=\"1024\" height=\"771\" data-id=\"2064\" src=\"http:\/\/www.opyguadigital.com.ar\/lab\/wp-content\/uploads\/2023\/11\/Charla-en-Plaza-9-de-julio-1024x771.jpeg\" alt=\"\" class=\"wp-image-2064\" srcset=\"http:\/\/www.opyguadigital.com.ar\/lab\/wp-content\/uploads\/2023\/11\/Charla-en-Plaza-9-de-julio-1024x771.jpeg 1024w, http:\/\/www.opyguadigital.com.ar\/lab\/wp-content\/uploads\/2023\/11\/Charla-en-Plaza-9-de-julio-300x226.jpeg 300w, http:\/\/www.opyguadigital.com.ar\/lab\/wp-content\/uploads\/2023\/11\/Charla-en-Plaza-9-de-julio-768x578.jpeg 768w, http:\/\/www.opyguadigital.com.ar\/lab\/wp-content\/uploads\/2023\/11\/Charla-en-Plaza-9-de-julio-1536x1156.jpeg 1536w, http:\/\/www.opyguadigital.com.ar\/lab\/wp-content\/uploads\/2023\/11\/Charla-en-Plaza-9-de-julio.jpeg 1600w\" sizes=\"auto, (max-width: 1024px) 100vw, 1024px\" \/><\/figure>\n<\/figure>\n<\/div><\/div>\n\n\n\n<p>Exponentes de la Comunidad LGBTQINB+ en la Plaza 9 de julio<\/p>\n\n\n\n<figure class=\"wp-block-gallery has-nested-images columns-default is-cropped wp-block-gallery-2 is-layout-flex wp-block-gallery-is-layout-flex\">\n<figure class=\"wp-block-image size-large\"><img loading=\"lazy\" decoding=\"async\" width=\"1024\" height=\"768\" data-id=\"3000\" src=\"http:\/\/www.opyguadigital.com.ar\/lab\/wp-content\/uploads\/2023\/11\/WhatsApp-Image-2023-11-27-at-23.44.07-1024x768-2.jpeg\" alt=\"\" class=\"wp-image-3000\" srcset=\"http:\/\/www.opyguadigital.com.ar\/lab\/wp-content\/uploads\/2023\/11\/WhatsApp-Image-2023-11-27-at-23.44.07-1024x768-2.jpeg 1024w, http:\/\/www.opyguadigital.com.ar\/lab\/wp-content\/uploads\/2023\/11\/WhatsApp-Image-2023-11-27-at-23.44.07-1024x768-2-300x225.jpeg 300w, http:\/\/www.opyguadigital.com.ar\/lab\/wp-content\/uploads\/2023\/11\/WhatsApp-Image-2023-11-27-at-23.44.07-1024x768-2-768x576.jpeg 768w\" sizes=\"auto, (max-width: 1024px) 100vw, 1024px\" \/><\/figure>\n\n\n\n<figure class=\"wp-block-image size-large\"><img loading=\"lazy\" decoding=\"async\" width=\"1024\" height=\"695\" data-id=\"3001\" src=\"http:\/\/www.opyguadigital.com.ar\/lab\/wp-content\/uploads\/2023\/11\/WhatsApp-Image-2023-11-27-at-22.31.46-1-1024x695-1.jpeg\" alt=\"\" class=\"wp-image-3001\" srcset=\"http:\/\/www.opyguadigital.com.ar\/lab\/wp-content\/uploads\/2023\/11\/WhatsApp-Image-2023-11-27-at-22.31.46-1-1024x695-1.jpeg 1024w, http:\/\/www.opyguadigital.com.ar\/lab\/wp-content\/uploads\/2023\/11\/WhatsApp-Image-2023-11-27-at-22.31.46-1-1024x695-1-300x204.jpeg 300w, http:\/\/www.opyguadigital.com.ar\/lab\/wp-content\/uploads\/2023\/11\/WhatsApp-Image-2023-11-27-at-22.31.46-1-1024x695-1-768x521.jpeg 768w\" sizes=\"auto, (max-width: 1024px) 100vw, 1024px\" \/><\/figure>\n<\/figure>\n\n\n\n<p>La comunidad LGBTQINB+ marchando                   y           Roema Bareiro como expositor en la Plaza 9 de Julio<\/p>\n\n\n\n<p>Autora: Romina Martins<\/p>\n","protected":false},"excerpt":{"rendered":"<p>La Convocatoria promovi\u00f3 la uni\u00f3n de activistas independientes y pertenecientes a la comunidad y a diferentes Organizaciones de la Provincia, pero tambi\u00e9n, de otras, no pertenecientes a la misma. La marcha por el orgullo que comenz\u00f3 en el M\u00e1stil de la Ciudad de Posadas y se dirigi\u00f3 hasta la Plaza 9 de julio, impuls\u00f3 una [&hellip;]<\/p>\n","protected":false},"author":8,"featured_media":1928,"comment_status":"open","ping_status":"open","sticky":false,"template":"","format":"standard","meta":{"footnotes":""},"categories":[3],"tags":[13,232,37,16],"class_list":["post-1938","post","type-post","status-publish","format-standard","has-post-thumbnail","hentry","category-destacar","tag-cultura","tag-marcha-lgbtqinb-en-posadas-2023","tag-misiones","tag-posadas"],"_links":{"self":[{"href":"http:\/\/www.opyguadigital.com.ar\/lab\/wp-json\/wp\/v2\/posts\/1938","targetHints":{"allow":["GET"]}}],"collection":[{"href":"http:\/\/www.opyguadigital.com.ar\/lab\/wp-json\/wp\/v2\/posts"}],"about":[{"href":"http:\/\/www.opyguadigital.com.ar\/lab\/wp-json\/wp\/v2\/types\/post"}],"author":[{"embeddable":true,"href":"http:\/\/www.opyguadigital.com.ar\/lab\/wp-json\/wp\/v2\/users\/8"}],"replies":[{"embeddable":true,"href":"http:\/\/www.opyguadigital.com.ar\/lab\/wp-json\/wp\/v2\/comments?post=1938"}],"version-history":[{"count":50,"href":"http:\/\/www.opyguadigital.com.ar\/lab\/wp-json\/wp\/v2\/posts\/1938\/revisions"}],"predecessor-version":[{"id":3017,"href":"http:\/\/www.opyguadigital.com.ar\/lab\/wp-json\/wp\/v2\/posts\/1938\/revisions\/3017"}],"wp:featuredmedia":[{"embeddable":true,"href":"http:\/\/www.opyguadigital.com.ar\/lab\/wp-json\/wp\/v2\/media\/1928"}],"wp:attachment":[{"href":"http:\/\/www.opyguadigital.com.ar\/lab\/wp-json\/wp\/v2\/media?parent=1938"}],"wp:term":[{"taxonomy":"category","embeddable":true,"href":"http:\/\/www.opyguadigital.com.ar\/lab\/wp-json\/wp\/v2\/categories?post=1938"},{"taxonomy":"post_tag","embeddable":true,"href":"http:\/\/www.opyguadigital.com.ar\/lab\/wp-json\/wp\/v2\/tags?post=1938"}],"curies":[{"name":"wp","href":"https:\/\/api.w.org\/{rel}","templated":true}]}}