{"id":1969,"date":"2023-11-24T18:07:54","date_gmt":"2023-11-24T18:07:54","guid":{"rendered":"http:\/\/www.opyguadigital.com.ar\/lab\/?p=1969"},"modified":"2023-11-29T21:08:22","modified_gmt":"2023-11-29T21:08:22","slug":"misiones-se-realizo-la-1-cumbre-de-agricultura-sostenible-del-mercosur","status":"publish","type":"post","link":"http:\/\/www.opyguadigital.com.ar\/lab\/2023\/11\/24\/misiones-se-realizo-la-1-cumbre-de-agricultura-sostenible-del-mercosur\/","title":{"rendered":"Misiones: se realiz\u00f3 la 1\u00b0 cumbre de Agricultura Sostenible del Mercosur"},"content":{"rendered":"\n<p class=\"has-small-font-size\">Fotografia: El Territorio<\/p>\n\n\n\n<div style=\"height:23px\" aria-hidden=\"true\" class=\"wp-block-spacer\"><\/div>\n\n\n\n<p class=\"has-medium-font-size\"><em>Organizada por el Ministerio del Agro y la Producci\u00f3n junto a otros actores institucionales p\u00fablicos y privados. Se llev\u00f3 a cabo en el Centro del Conocimiento de Posadas con m\u00e1s de 20 conferencias y la presencia de expositores especialistas en producci\u00f3n sostenible de Argentina, Brasil, M\u00e9xico, Paraguay y algunos representantes de Europa.<\/em><\/p>\n\n\n\n<div style=\"height:52px\" aria-hidden=\"true\" class=\"wp-block-spacer\"><\/div>\n\n\n\n<p style=\"font-size:17px\"> Uno de los principales objetivos de este encuentro fue poner en agenda nacional e internacional las nuevas demandas de los sectores productivos. Por ello, m\u00e1s de 400 asistentes tuvieron la oportunidad de participar de charlas, debates y disertaciones acerca de la incorporaci\u00f3n de nuevos m\u00e9todos que recuperen el suelo, la diversificaci\u00f3n de la producci\u00f3n agropecuaria y el equilibrio entre la productividad, el cuidado de la salud y la protecci\u00f3n del ambiente.&nbsp;<\/p>\n\n\n\n<p style=\"font-size:17px\">En ese marco participaron integrantes de diversas instituciones p\u00fablicas y privadas: la Secretar\u00eda de Agricultura, Ganader\u00eda y Pesca de la Naci\u00f3n, la Secretar\u00eda de Agricultura Familiar de Misiones, Granja La Lechuza, Red Yva, la Asociaci\u00f3n de Agricultura Biodin\u00e1mica de Argentina, el Colegio de Nutricionistas de Misiones, la Fundaci\u00f3n Alberto Roth, el Instituto Misionero de Biodiversidad (IMiBio), la Fundaci\u00f3n Marangatu, Chacra Ag\u00fciy\u00e9, Multiversidad Popular, INTA, Fundaci\u00f3n Marita Ramos, Cooperativa Agropecuaria e Industrial Yapey\u00fa Limitada y Cooperativa Gaia.<\/p>\n\n\n\n<p style=\"font-size:17px\"><strong>Los temas claves fueron la soberan\u00eda alimentaria, la alimentaci\u00f3n consciente, el agroturismo y el rol de la mujer en la producci\u00f3n y la agroecolog\u00eda.<\/strong> La producci\u00f3n org\u00e1nica y biodin\u00e1mica; ciencia e investigaci\u00f3n; servicios ecosist\u00e9micos; uso sustentable de recursos en comunidades ind\u00edgenas; educaci\u00f3n y producci\u00f3n.<\/p>\n\n\n\n<p style=\"font-size:17px\">En este contexto, se remarc\u00f3 el trabajo de los diferentes centros de educaci\u00f3n de la provincia y como eso se ve reflejado en las chacras debido al feedback que se produce, lo cual es bueno de mostrar tambi\u00e9n a otros pa\u00edses. Por ejemplo con la implementaci\u00f3n de los \u201c<a href=\"http:\/\/www.opyguadigital.com.ar\/lab\/?p=2087&amp;preview=true&amp;_thumbnail_id=2091\" data-type=\"link\" data-id=\"http:\/\/www.opyguadigital.com.ar\/lab\/?p=2087&amp;preview=true&amp;_thumbnail_id=2091\"><strong>Combos Universitarios<\/strong><\/a>\u201d, una propuesta impulsada desde el Ministerio de Agricultura Familiar de la provincia. <\/p>\n\n\n\n<p><strong>Este operativo beneficia a estudiantes universitarios&nbsp;<\/strong>para que puedan acceder a&nbsp;<strong>combos de verduras a un precio accesible,<\/strong> <strong>y a los agricultores para que puedan vender sus productos de la chacra. <\/strong><\/p>\n\n\n\n<p>Adem\u00e1s de pensar en los estudiantes y productores de la regi\u00f3n se busca <strong>impulsar la soberan\u00eda alimentaria.<\/strong><\/p>\n\n\n<div class=\"wp-block-image\">\n<figure data-wp-context=\"{&quot;imageId&quot;:&quot;69f2d4cd89786&quot;}\" data-wp-interactive=\"core\/image\" data-wp-key=\"69f2d4cd89786\" class=\"aligncenter size-large wp-lightbox-container\"><img loading=\"lazy\" decoding=\"async\" width=\"410\" height=\"1024\" data-wp-class--hide=\"state.isContentHidden\" data-wp-class--show=\"state.isContentVisible\" data-wp-init=\"callbacks.setButtonStyles\" data-wp-on--click=\"actions.showLightbox\" data-wp-on--load=\"callbacks.setButtonStyles\" data-wp-on-window--resize=\"callbacks.setButtonStyles\" src=\"http:\/\/www.opyguadigital.com.ar\/lab\/wp-content\/uploads\/2023\/11\/Infografia-sobre-soberania-alimentaria-10-410x1024.jpg\" alt=\"\" class=\"wp-image-2217\" srcset=\"http:\/\/www.opyguadigital.com.ar\/lab\/wp-content\/uploads\/2023\/11\/Infografia-sobre-soberania-alimentaria-10-410x1024.jpg 410w, http:\/\/www.opyguadigital.com.ar\/lab\/wp-content\/uploads\/2023\/11\/Infografia-sobre-soberania-alimentaria-10-120x300.jpg 120w, http:\/\/www.opyguadigital.com.ar\/lab\/wp-content\/uploads\/2023\/11\/Infografia-sobre-soberania-alimentaria-10-768x1920.jpg 768w, http:\/\/www.opyguadigital.com.ar\/lab\/wp-content\/uploads\/2023\/11\/Infografia-sobre-soberania-alimentaria-10.jpg 800w\" sizes=\"auto, (max-width: 410px) 100vw, 410px\" \/><button\n\t\t\tclass=\"lightbox-trigger\"\n\t\t\ttype=\"button\"\n\t\t\taria-haspopup=\"dialog\"\n\t\t\taria-label=\"Agrandar\"\n\t\t\tdata-wp-init=\"callbacks.initTriggerButton\"\n\t\t\tdata-wp-on--click=\"actions.showLightbox\"\n\t\t\tdata-wp-style--right=\"state.imageButtonRight\"\n\t\t\tdata-wp-style--top=\"state.imageButtonTop\"\n\t\t>\n\t\t\t<svg xmlns=\"http:\/\/www.w3.org\/2000\/svg\" width=\"12\" height=\"12\" fill=\"none\" viewBox=\"0 0 12 12\">\n\t\t\t\t<path fill=\"#fff\" d=\"M2 0a2 2 0 0 0-2 2v2h1.5V2a.5.5 0 0 1 .5-.5h2V0H2Zm2 10.5H2a.5.5 0 0 1-.5-.5V8H0v2a2 2 0 0 0 2 2h2v-1.5ZM8 12v-1.5h2a.5.5 0 0 0 .5-.5V8H12v2a2 2 0 0 1-2 2H8Zm2-12a2 2 0 0 1 2 2v2h-1.5V2a.5.5 0 0 0-.5-.5H8V0h2Z\" \/>\n\t\t\t<\/svg>\n\t\t<\/button><figcaption class=\"wp-element-caption\">Infograf\u00eda sobre soberan\u00eda alimentaria. Datos obtenidos de: Ministerio de Desarrollo Social y La V\u00eda Campesina (Movimiento Campesino Internacional).<\/figcaption><\/figure>\n<\/div>\n\n\n<div style=\"height:28px\" aria-hidden=\"true\" class=\"wp-block-spacer\"><\/div>\n\n\n\n<p style=\"font-size:17px\">El vicegobernador de la provincia Carlos Arce manifest\u00f3 que \u201cestos encuentros enriquecen la vinculaci\u00f3n con otros pa\u00edses y la articulaci\u00f3n entre el sector p\u00fablico y privado. Desde el gobierno de Misiones trabajamos arduamente en pol\u00edticas p\u00fablicas que nos permitan cuidar la salud y el ambiente\u201d.<\/p>\n\n\n\n<p style=\"font-size:17px\">Por su parte, el Ministro del Agro, Facundo L\u00f3pez Sartori se\u00f1al\u00f3 que \u201cla cumbre es un espacio de formaci\u00f3n que sin lugar a dudas posibilita un intercambio de experiencias con profesionales de diferentes pa\u00edses y que enriquecen las pr\u00e1cticas que venimos desarrollando en Misiones, con tecnolog\u00edas que nos permiten encontrar un equilibro con el ambiente, cuidando la salud de los trabajadores y consumidores\u201d<\/p>\n\n\n\n<p style=\"font-size:17px\">El Relator Especial de la ONU sobre el derecho a la Alimentaci\u00f3n, Michael Fakhri destac\u00f3 el valor de esta jornada como una acci\u00f3n en respuesta a las dif\u00edciles cuestiones a las que se enfrentan los gobiernos para el trabajo hacia la transici\u00f3n de modelos m\u00e1s sustentables como agroecol\u00f3gico en relaci\u00f3n al impacto en la salud de las personas, expresando que \u00abcomer bien es el primer paso hacia una vida sana y garantizar que la gente pueda acceder a alimentos accesibles para prevenir enfermedades\u00bb. <\/p>\n\n\n\n<div style=\"height:25px\" aria-hidden=\"true\" class=\"wp-block-spacer\"><\/div>\n\n\n\n<p class=\"has-medium-font-size\"><em>Productores acompa\u00f1ados por pol\u00edticas p\u00fablicas<\/em><\/p>\n\n\n\n<p style=\"font-size:17px\">Misiones viene trabajando desde hace algunos a\u00f1os en pol\u00edticas p\u00fablicas productivas que impulsan pr\u00e1cticas agr\u00edcolas mas responsables y amigables con el medioambiente, como el <strong>uso de bioinsumos<\/strong> en la producci\u00f3n agroecol\u00f3gica.  Adem\u00e1s, fue la primer provincia en aprobar una <a href=\"http:\/\/www.opyguadigital.com.ar\/lab\/2023\/11\/23\/produccion-agroecologica-una-ley-impulsa-el-paso-hacia-la-sostenibilidad-en-las-chacras\/\" data-type=\"link\" data-id=\"http:\/\/www.opyguadigital.com.ar\/lab\/2023\/11\/23\/produccion-agroecologica-una-ley-impulsa-el-paso-hacia-la-sostenibilidad-en-las-chacras\/\"><strong>Ley de Fomento a la Producci\u00f3n Agroecol\u00f3gica<\/strong><\/a>. La misma, establece principios elementales que deben respetarse en la producci\u00f3n agroecol\u00f3gica.<\/p>\n\n\n\n<p style=\"font-size:17px\">El diputado provincial y vicegobernador electo, Lucas Romero Spinelli, asegur\u00f3 que las leyes mejoraron el rendimiento, calidad de producci\u00f3n y salud de los productores.<\/p>\n\n\n\n<div style=\"height:31px\" aria-hidden=\"true\" class=\"wp-block-spacer\"><\/div>\n\n\n\n<figure class=\"wp-block-embed is-type-video is-provider-youtube wp-block-embed-youtube wp-embed-aspect-16-9 wp-has-aspect-ratio\"><div class=\"wp-block-embed__wrapper\">\n<iframe loading=\"lazy\" title=\"7 principios b\u00e1sicos en la Producci\u00f3n Agroecol\u00f3gica\" width=\"640\" height=\"360\" src=\"https:\/\/www.youtube.com\/embed\/g8zEr-2d2BY?feature=oembed\" frameborder=\"0\" allow=\"accelerometer; autoplay; clipboard-write; encrypted-media; gyroscope; picture-in-picture; web-share\" referrerpolicy=\"strict-origin-when-cross-origin\" allowfullscreen><\/iframe>\n<\/div><figcaption class=\"wp-element-caption\"><em>Siete principios b\u00e1sicos que deben respetarse en la producci\u00f3n agroecol\u00f3gica, seg\u00fan lo establecido en el art\u00edculo 3 de la Ley VIII \u2013 N.\u00b0 68<\/em><\/figcaption><\/figure>\n\n\n\n<div style=\"height:51px\" aria-hidden=\"true\" class=\"wp-block-spacer\"><\/div>\n\n\n\n<p style=\"font-size:17px\">Eduardo Cerd\u00e1, titular de la Direcci\u00f3n de Agroecolog\u00eda de Naci\u00f3n tambi\u00e9n estuvo presente y destac\u00f3 que Misiones est\u00e1 logrando los mismos rendimientos, pero con menos costo. Elogi\u00f3 la Ley de Fomento de Producci\u00f3n Agroecol\u00f3gica y la Ley de Bioinsumos, alegando que son herramientas que ayudan a consolidar la agricultura enfocada a proteger el medioambiente y la salud de productores y consumidores.<\/p>\n\n\n\n<p style=\"font-size:17px\">Por la Sala de Convenciones se encontraron m\u00e1s de 20 stands de productores y artesanos locales, con productos derivados de pr\u00e1cticas agroecol\u00f3gicas, que tuvieron la oportunidad de exhibir y comercializar. Esta iniciativa demuestra que es posible garantizar el acceso a toda la poblaci\u00f3n a los productos saludables y amigables con el medioambiente.<\/p>\n\n\n\n<p style=\"font-size:17px\"> Marcos Orellana, relator especial de la ONU sobre sustancias t\u00f3xicas y derechos humanos enfatiz\u00f3 sobre la importancia de estos eventos para la concientizaci\u00f3n y articulaci\u00f3n en la sociedad civil y otros sectores en materia de agricultura y remarc\u00f3 que \u00abla civilizaci\u00f3n humana depende 100% de la conservaci\u00f3n de ecosistemas sostenibles porque existen alternativas que nos permiten tener una mejor calidad de vida, respetando los derechos humanos a la vida, la integridad, el hogar, la familia y el ambiente saludable y sostenible\u00bb.<\/p>\n\n\n\n<figure class=\"wp-block-embed is-type-wp-embed is-provider-genially wp-block-embed-genially\"><div class=\"wp-block-embed__wrapper\">\n<iframe class=\"wp-embedded-content\" sandbox=\"allow-scripts\" security=\"restricted\" title=\"Agricultura Sostenible\" frameborder='0' width='1200' height='675' src='https:\/\/view.genial.ly\/655f72b7ff8bd60012b7fd5d#?secret=Bdle8EcCcC' data-secret='Bdle8EcCcC' scrolling='yes'><\/iframe>\n<\/div><figcaption class=\"wp-element-caption\"><em><strong>Datos obtenidos de: <\/strong><br>-La agricultura sostenible: herramienta clave contra el hambre y el cambio clim\u00e1tico (BBVA). <br>-Wikipedia. <br>-La Agricultura Sostenible: Un Nuevo Concepto De Cultivo. (Eos Data Analytics)<\/em><\/figcaption><\/figure>\n\n\n\n<p style=\"font-size:17px\"><em><strong>Agricultura familiar: Inaugur\u00f3 las primeras despensas para comercializar productos de agricultores. <\/strong><\/em><\/p>\n\n\n\n<p>Beneficiar\u00e1 a productores de la ciudad de Posadas, El Soberbio y <a href=\"http:\/\/www.opyguadigital.com.ar\/lab\/?p=2171&amp;preview=true\">Puerto Iguaz\u00fa<\/a>. Comenz\u00f3 en el mes de agosto y est\u00e1n situadas en espacios de mayor circulaci\u00f3n y actividades tur\u00edsticas, con apertura de entre 4 y 5 d\u00edas en la semana, a cargo de organizaciones de la sociedad civil designadas por el intendente local.<\/p>\n\n\n\n<p><\/p>\n\n\n<div class=\"wp-block-image\">\n<figure data-wp-context=\"{&quot;imageId&quot;:&quot;69f2d4cd8b8bb&quot;}\" data-wp-interactive=\"core\/image\" data-wp-key=\"69f2d4cd8b8bb\" class=\"aligncenter size-large wp-lightbox-container\"><img loading=\"lazy\" decoding=\"async\" width=\"410\" height=\"1024\" data-wp-class--hide=\"state.isContentHidden\" data-wp-class--show=\"state.isContentVisible\" data-wp-init=\"callbacks.setButtonStyles\" data-wp-on--click=\"actions.showLightbox\" data-wp-on--load=\"callbacks.setButtonStyles\" data-wp-on-window--resize=\"callbacks.setButtonStyles\" src=\"http:\/\/www.opyguadigital.com.ar\/lab\/wp-content\/uploads\/2023\/11\/Imagen-infografia-a-usar--410x1024.jpg\" alt=\"\" class=\"wp-image-2315\" srcset=\"http:\/\/www.opyguadigital.com.ar\/lab\/wp-content\/uploads\/2023\/11\/Imagen-infografia-a-usar--410x1024.jpg 410w, http:\/\/www.opyguadigital.com.ar\/lab\/wp-content\/uploads\/2023\/11\/Imagen-infografia-a-usar--120x300.jpg 120w, http:\/\/www.opyguadigital.com.ar\/lab\/wp-content\/uploads\/2023\/11\/Imagen-infografia-a-usar-.jpg 640w\" sizes=\"auto, (max-width: 410px) 100vw, 410px\" \/><button\n\t\t\tclass=\"lightbox-trigger\"\n\t\t\ttype=\"button\"\n\t\t\taria-haspopup=\"dialog\"\n\t\t\taria-label=\"Agrandar\"\n\t\t\tdata-wp-init=\"callbacks.initTriggerButton\"\n\t\t\tdata-wp-on--click=\"actions.showLightbox\"\n\t\t\tdata-wp-style--right=\"state.imageButtonRight\"\n\t\t\tdata-wp-style--top=\"state.imageButtonTop\"\n\t\t>\n\t\t\t<svg xmlns=\"http:\/\/www.w3.org\/2000\/svg\" width=\"12\" height=\"12\" fill=\"none\" viewBox=\"0 0 12 12\">\n\t\t\t\t<path fill=\"#fff\" d=\"M2 0a2 2 0 0 0-2 2v2h1.5V2a.5.5 0 0 1 .5-.5h2V0H2Zm2 10.5H2a.5.5 0 0 1-.5-.5V8H0v2a2 2 0 0 0 2 2h2v-1.5ZM8 12v-1.5h2a.5.5 0 0 0 .5-.5V8H12v2a2 2 0 0 1-2 2H8Zm2-12a2 2 0 0 1 2 2v2h-1.5V2a.5.5 0 0 0-.5-.5H8V0h2Z\" \/>\n\t\t\t<\/svg>\n\t\t<\/button><figcaption class=\"wp-element-caption\">Datos obtenidos de: Argentina.gob.ar\/trabajo\/epl<\/figcaption><\/figure>\n<\/div>\n\n\n<p style=\"font-size:17px\">En la infograf\u00eda especifica sobre el programa y como acceder a Entramados Productores Locales.                                    <\/p>\n\n\n\n<div style=\"height:55px\" aria-hidden=\"true\" class=\"wp-block-spacer\"><\/div>\n\n\n\n<ul class=\"wp-block-list\">\n<li style=\"font-size:16px\">Autora: Sofia Lapalma<\/li>\n\n\n\n<li style=\"font-size:16px\">Co-Autoras: Ayel\u00e9n Lima y Arantza Rodriguez<\/li>\n\n\n\n<li style=\"font-size:16px\">Presentaci\u00f3n interactiva genially: Arantza Rodriguez, Sof\u00eda Lapalma, Ayel\u00e9n Lima<\/li>\n\n\n\n<li style=\"font-size:16px\">Video, gui\u00f3n y voz: Arantza Rodriguez<\/li>\n\n\n\n<li style=\"font-size:16px\">Infograf\u00eda de Soberan\u00eda Alimentaria: Ayel\u00e9n Lima<\/li>\n\n\n\n<li style=\"font-size:16px\">Infograf\u00eda de Entramados Productores Locales: Sof\u00eda Lapalma<\/li>\n<\/ul>\n","protected":false},"excerpt":{"rendered":"<p>Fotografia: El Territorio Organizada por el Ministerio del Agro y la Producci\u00f3n junto a otros actores institucionales p\u00fablicos y privados. Se llev\u00f3 a cabo en el Centro del Conocimiento de Posadas con m\u00e1s de 20 conferencias y la presencia de expositores especialistas en producci\u00f3n sostenible de Argentina, Brasil, M\u00e9xico, Paraguay y algunos representantes de Europa. [&hellip;]<\/p>\n","protected":false},"author":13,"featured_media":2142,"comment_status":"open","ping_status":"closed","sticky":false,"template":"","format":"standard","meta":{"footnotes":""},"categories":[3],"tags":[182,198,188,186,187],"class_list":["post-1969","post","type-post","status-publish","format-standard","has-post-thumbnail","hentry","category-destacar","tag-agricultura-sostenible","tag-combos-universitarios","tag-ley-de-fomento-a-la-produccion-agroecologica","tag-organico","tag-soberania-alimentaria"],"_links":{"self":[{"href":"http:\/\/www.opyguadigital.com.ar\/lab\/wp-json\/wp\/v2\/posts\/1969","targetHints":{"allow":["GET"]}}],"collection":[{"href":"http:\/\/www.opyguadigital.com.ar\/lab\/wp-json\/wp\/v2\/posts"}],"about":[{"href":"http:\/\/www.opyguadigital.com.ar\/lab\/wp-json\/wp\/v2\/types\/post"}],"author":[{"embeddable":true,"href":"http:\/\/www.opyguadigital.com.ar\/lab\/wp-json\/wp\/v2\/users\/13"}],"replies":[{"embeddable":true,"href":"http:\/\/www.opyguadigital.com.ar\/lab\/wp-json\/wp\/v2\/comments?post=1969"}],"version-history":[{"count":60,"href":"http:\/\/www.opyguadigital.com.ar\/lab\/wp-json\/wp\/v2\/posts\/1969\/revisions"}],"predecessor-version":[{"id":3055,"href":"http:\/\/www.opyguadigital.com.ar\/lab\/wp-json\/wp\/v2\/posts\/1969\/revisions\/3055"}],"wp:featuredmedia":[{"embeddable":true,"href":"http:\/\/www.opyguadigital.com.ar\/lab\/wp-json\/wp\/v2\/media\/2142"}],"wp:attachment":[{"href":"http:\/\/www.opyguadigital.com.ar\/lab\/wp-json\/wp\/v2\/media?parent=1969"}],"wp:term":[{"taxonomy":"category","embeddable":true,"href":"http:\/\/www.opyguadigital.com.ar\/lab\/wp-json\/wp\/v2\/categories?post=1969"},{"taxonomy":"post_tag","embeddable":true,"href":"http:\/\/www.opyguadigital.com.ar\/lab\/wp-json\/wp\/v2\/tags?post=1969"}],"curies":[{"name":"wp","href":"https:\/\/api.w.org\/{rel}","templated":true}]}}