{"id":2171,"date":"2023-11-24T18:11:41","date_gmt":"2023-11-24T18:11:41","guid":{"rendered":"http:\/\/www.opyguadigital.com.ar\/lab\/?p=2171"},"modified":"2023-11-29T15:08:18","modified_gmt":"2023-11-29T15:08:18","slug":"puerto-iguazu-se-inauguraron-despensas-agroecologicas-para-promover-alimentacion-sana-y-economica","status":"publish","type":"post","link":"http:\/\/www.opyguadigital.com.ar\/lab\/2023\/11\/24\/puerto-iguazu-se-inauguraron-despensas-agroecologicas-para-promover-alimentacion-sana-y-economica\/","title":{"rendered":"Puerto Iguaz\u00fa: se Inauguraron despensas Agroecol\u00f3gicas para promover alimentaci\u00f3n sana y econ\u00f3mica"},"content":{"rendered":"\n<p style=\"font-size:17px\">Fotograf\u00eda: Canal Doce Misiones.<\/p>\n\n\n\n<figure class=\"wp-block-image size-full\"><img loading=\"lazy\" decoding=\"async\" width=\"900\" height=\"506\" src=\"http:\/\/www.opyguadigital.com.ar\/lab\/wp-content\/uploads\/2023\/11\/Imagen-de-WhatsApp-2023-11-09-a-las-12.05.33_fddaab87.jpg\" alt=\"\" class=\"wp-image-2172\" srcset=\"http:\/\/www.opyguadigital.com.ar\/lab\/wp-content\/uploads\/2023\/11\/Imagen-de-WhatsApp-2023-11-09-a-las-12.05.33_fddaab87.jpg 900w, http:\/\/www.opyguadigital.com.ar\/lab\/wp-content\/uploads\/2023\/11\/Imagen-de-WhatsApp-2023-11-09-a-las-12.05.33_fddaab87-300x169.jpg 300w, http:\/\/www.opyguadigital.com.ar\/lab\/wp-content\/uploads\/2023\/11\/Imagen-de-WhatsApp-2023-11-09-a-las-12.05.33_fddaab87-768x432.jpg 768w\" sizes=\"auto, (max-width: 900px) 100vw, 900px\" \/><\/figure>\n\n\n\n<p><\/p>\n\n\n\n<p><em>El Ministerio de Obras P\u00fablicas de la Naci\u00f3n, en conjunto con el Ministerio de Agricultura, Ganader\u00eda y Pesca de la Naci\u00f3n, inaugur\u00f3 dos despensas agroecol\u00f3gicas en la ciudad de Puerto Iguaz\u00fa, Misiones.<\/em><\/p>\n\n\n\n<p>          <strong>Es un programa nacional que busca <a href=\"http:\/\/www.opyguadigital.com.ar\/lab\/2023\/11\/24\/misiones-se-realizo-la-1-cumbre-de-agricultura-sostenible-del-mercosur\/\" data-type=\"link\" data-id=\"http:\/\/www.opyguadigital.com.ar\/lab\/2023\/11\/24\/misiones-se-realizo-la-1-cumbre-de-agricultura-sostenible-del-mercosur\/\">promover la alimentaci\u00f3n sana, saludable y econ\u00f3mica <\/a>a trav\u00e9s de la comercializaci\u00f3n directa de productos agroecol\u00f3gicos<\/strong>. Las despensas cuentan con una superficie de 20 metros cuadrados cada una. Est\u00e1n equipadas con c\u00e1maras frigor\u00edficas, estanter\u00edas y balanzas, para que los productores puedan almacenar y vender sus productos de manera adecuada.<\/p>\n\n\n\n<p><strong>Los productos que se comercializan en las despensas son producidos por familias de agricultores familiares de la zona<\/strong>. Entre ellos se encuentran verduras, frutas, hortalizas, cereales, legumbres, miel, huevos, quesos y otros productos elaborados.<\/p>\n\n\n<div class=\"wp-block-image\">\n<figure class=\"aligncenter size-full is-resized\"><img loading=\"lazy\" decoding=\"async\" width=\"900\" height=\"506\" src=\"http:\/\/www.opyguadigital.com.ar\/lab\/wp-content\/uploads\/2023\/11\/Imagen-de-WhatsApp-2023-11-09-a-las-12.05.33_d06744bb.jpg\" alt=\"\" class=\"wp-image-2173\" style=\"width:546px;height:auto\" srcset=\"http:\/\/www.opyguadigital.com.ar\/lab\/wp-content\/uploads\/2023\/11\/Imagen-de-WhatsApp-2023-11-09-a-las-12.05.33_d06744bb.jpg 900w, http:\/\/www.opyguadigital.com.ar\/lab\/wp-content\/uploads\/2023\/11\/Imagen-de-WhatsApp-2023-11-09-a-las-12.05.33_d06744bb-300x169.jpg 300w, http:\/\/www.opyguadigital.com.ar\/lab\/wp-content\/uploads\/2023\/11\/Imagen-de-WhatsApp-2023-11-09-a-las-12.05.33_d06744bb-768x432.jpg 768w\" sizes=\"auto, (max-width: 900px) 100vw, 900px\" \/><\/figure>\n<\/div>\n\n\n<p>fotograf\u00eda: CVI Noticias.<\/p>\n\n\n\n<p>La inauguraci\u00f3n de las despensas agroecol\u00f3gicas en Puerto Iguaz\u00fa es una medida que busca promover la <a href=\"http:\/\/www.opyguadigital.com.ar\/lab\/?p=1969&amp;preview=true\">soberan\u00eda alimentaria<\/a> y el consumo de productos saludables y producidos de manera sustentable. <strong>Estas despensas brindan a los vecinos de la ciudad y a los turistas la oportunidad de acceder a productos frescos, de calidad y a precios accesibles.<\/strong><\/p>\n\n\n\n<p>\u00ab<em>Estamos muy contentos por la inauguraci\u00f3n de estas despensas, que nos permiten vender de forma directa nuestra elaboraci\u00f3n, nuestros productos y nuestras verduras, todo con elaboraci\u00f3n saludable, sana, totalmente libre de cualquier qu\u00edmico<\/em>\u00ab, expres\u00f3 uno de los productores que comercializa sus productos en las despensas.<\/p>\n\n\n\n<p>A un mes de la puesta en funcionamiento del Mercado de la <strong>Soberan\u00eda Alimentaria en Puerto Iguaz\u00fa, el balance fue sumamente positivo. 20 emprendedores y productores agroecol\u00f3gicos han duplicado sus ventas,<\/strong> principalmente de frutas, verduras, productos envasados y artesan\u00edas.<\/p>\n\n\n\n<p>Ante la creciente demanda de los consumidores,<strong> los productores han solicitado incrementar la cantidad de d\u00edas de venta<\/strong>. Como respuesta a esta solicitud, se ha&nbsp; establecido <strong>que el m\u00f3dulo 1 estar\u00e1 abierto todos los d\u00edas, de 8 a 12 y de 18 a 21 horas. Por su parte, el m\u00f3dulo 2 abrir\u00e1 sus puertas los lunes, mi\u00e9rcoles, viernes y s\u00e1bados, tambi\u00e9n en el mismo horario.<\/strong><\/p>\n\n\n\n<p>Todos <strong>los productos hort\u00edcolas cuentan con el certificado de productos agroecol\u00f3gicos o en transici\u00f3n.<\/strong> Esto garantiza a los consumidores que est\u00e1n adquiriendo alimentos cultivados de manera sostenible y respetuosa con el ambiente.<\/p>\n\n\n\n<p>Es importante destacar que constituye una <a href=\"http:\/\/www.opyguadigital.com.ar\/lab\/2023\/11\/23\/produccion-agroecologica-una-ley-impulsa-el-paso-hacia-la-sostenibilidad-en-las-chacras\/\">ley de entramados productivos<\/a>, que est\u00e1 compuesta por diferentes proyectos que aplican sobre la producci\u00f3n de alimentos sanos y precios justos, como por ejemplo: <a href=\"http:\/\/www.opyguadigital.com.ar\/lab\/2023\/11\/23\/los-bolsones-universitarios-fomentan-el-consumo-de-productos-sanos-y-ayudan-la-economia-de-estudiantes-y-agricultores\/\">los bolsones\u00a0universitarios.<\/a>\u00a0<\/p>\n\n\n\n<p><\/p>\n\n\n\n<p><strong>En los pr\u00f3ximos d\u00edas se va a inaugurar dos despensas en la Ciudad de Posadas<\/strong><\/p>\n\n\n\n<p>Las despensas son para ofrecer productos a los turistas pero tambi\u00e9n en este caso a los posade\u00f1os y posade\u00f1as, va a haber productos no perecederos, artesan\u00edas, productos elaborados por emprendedores y emprendedoras de la ciudad y algunos alimentos envasados.\u00a0<\/p>\n\n\n\n<figure class=\"wp-block-video\"><video height=\"480\" style=\"aspect-ratio: 848 \/ 480;\" width=\"848\" controls src=\"http:\/\/www.opyguadigital.com.ar\/lab\/wp-content\/uploads\/2023\/11\/Video-de-las-despensas-1.mp4\"><\/video><\/figure>\n\n\n\n<p>En el video se observa el  lugar donde se encuentran instaladas las despensas de Agricultura Familiar en la Ciudad de Posadas. <\/p>\n\n\n\n<ul class=\"wp-block-list\">\n<li style=\"font-size:17px\">Autora de la noticia: Lapalma Sofia <\/li>\n\n\n\n<li style=\"font-size:17px\">Video: Lapalma Sofia<\/li>\n<\/ul>\n","protected":false},"excerpt":{"rendered":"<p>Fotograf\u00eda: Canal Doce Misiones. El Ministerio de Obras P\u00fablicas de la Naci\u00f3n, en conjunto con el Ministerio de Agricultura, Ganader\u00eda y Pesca de la Naci\u00f3n, inaugur\u00f3 dos despensas agroecol\u00f3gicas en la ciudad de Puerto Iguaz\u00fa, Misiones. Es un programa nacional que busca promover la alimentaci\u00f3n sana, saludable y econ\u00f3mica a trav\u00e9s de la comercializaci\u00f3n directa [&hellip;]<\/p>\n","protected":false},"author":13,"featured_media":0,"comment_status":"open","ping_status":"open","sticky":false,"template":"","format":"standard","meta":{"footnotes":""},"categories":[1],"tags":[207,205,181,206],"class_list":["post-2171","post","type-post","status-publish","format-standard","hentry","category-sin-categoria","tag-agricultura-agricultura-familiar","tag-bolsones-universitarios","tag-ley-de-fomento","tag-soberania-alimentaria-2"],"_links":{"self":[{"href":"http:\/\/www.opyguadigital.com.ar\/lab\/wp-json\/wp\/v2\/posts\/2171","targetHints":{"allow":["GET"]}}],"collection":[{"href":"http:\/\/www.opyguadigital.com.ar\/lab\/wp-json\/wp\/v2\/posts"}],"about":[{"href":"http:\/\/www.opyguadigital.com.ar\/lab\/wp-json\/wp\/v2\/types\/post"}],"author":[{"embeddable":true,"href":"http:\/\/www.opyguadigital.com.ar\/lab\/wp-json\/wp\/v2\/users\/13"}],"replies":[{"embeddable":true,"href":"http:\/\/www.opyguadigital.com.ar\/lab\/wp-json\/wp\/v2\/comments?post=2171"}],"version-history":[{"count":10,"href":"http:\/\/www.opyguadigital.com.ar\/lab\/wp-json\/wp\/v2\/posts\/2171\/revisions"}],"predecessor-version":[{"id":3047,"href":"http:\/\/www.opyguadigital.com.ar\/lab\/wp-json\/wp\/v2\/posts\/2171\/revisions\/3047"}],"wp:attachment":[{"href":"http:\/\/www.opyguadigital.com.ar\/lab\/wp-json\/wp\/v2\/media?parent=2171"}],"wp:term":[{"taxonomy":"category","embeddable":true,"href":"http:\/\/www.opyguadigital.com.ar\/lab\/wp-json\/wp\/v2\/categories?post=2171"},{"taxonomy":"post_tag","embeddable":true,"href":"http:\/\/www.opyguadigital.com.ar\/lab\/wp-json\/wp\/v2\/tags?post=2171"}],"curies":[{"name":"wp","href":"https:\/\/api.w.org\/{rel}","templated":true}]}}