{"id":2356,"date":"2023-11-28T13:48:07","date_gmt":"2023-11-28T13:48:07","guid":{"rendered":"http:\/\/www.opyguadigital.com.ar\/lab\/?p=2356"},"modified":"2023-11-28T14:35:26","modified_gmt":"2023-11-28T14:35:26","slug":"turismo-en-misiones-perdidas-millonarias-y-destrozos-tras-el-temporal","status":"publish","type":"post","link":"http:\/\/www.opyguadigital.com.ar\/lab\/2023\/11\/28\/turismo-en-misiones-perdidas-millonarias-y-destrozos-tras-el-temporal\/","title":{"rendered":"Turismo en Misiones: P\u00e9rdidas millonarias y destrozos tras el temporal"},"content":{"rendered":"\n<p><em>Durante los meses de octubre y noviembre, <a href=\"http:\/\/www.opyguadigital.com.ar\/lab\/2023\/11\/28\/temporal-en-misiones-azoto-a-posadas-y-a-distintos-puntos-de-la-provincia\/\">se registraron fuertes tormentas en la provincia<\/a> con intensidad de&nbsp; lluvia, viento y granizo. Adem\u00e1s de afectar a las pasarelas del Parque Nacional Iguaz\u00fa, el&nbsp; temporal provoc\u00f3 la ca\u00edda de \u00e1rboles y postes de luz, voladuras de techos, y desbordes de arroyos que inhabilitaron el acceso a rutas y puentes en las localidades de Arist\u00f3bulo del Valle, Salto Encantado, Dos de Mayo y Jard\u00edn Am\u00e9rica.<\/em><\/p>\n\n\n\n<p><strong>El r\u00edo Iguaz\u00fa aument\u00f3 su caudal m\u00e1s de doce veces <\/strong>y los niveles de agua alcanzaron los 18.000 m3 por segundo, lo que provoc\u00f3 inundaciones en el sector de las Cataratas y <strong>se estima que contin\u00fae este fen\u00f3meno hasta principios del 2024<\/strong>. El impacto de las tormentas en el turismo, es un duro golpe para la econom\u00eda de la provincia, ya que es uno de los principales motores econ\u00f3micos que genera muchos puestos de trabajo.<strong> Seg\u00fan estimaciones del Ministerio de Turismo, las p\u00e9rdidas superan los $50 millones<\/strong>, siendo el interior de Misiones&nbsp; el m\u00e1s&nbsp; afectado, donde tambi\u00e9n est\u00e1n los principales atractivos naturales como por ejemplo: las <strong>Cataratas del Iguaz\u00fa, los Saltos del Mocon\u00e1, el Salto Berrondo y el Salto Encantado<\/strong>.<\/p>\n\n\n\n<figure class=\"wp-block-embed is-type-video is-provider-youtube wp-block-embed-youtube wp-embed-aspect-16-9 wp-has-aspect-ratio\"><div class=\"wp-block-embed__wrapper\">\n<iframe loading=\"lazy\" title=\"Aument\u00f3 el caudal de las Cataratas del Iguaz\u00fa\" width=\"640\" height=\"360\" src=\"https:\/\/www.youtube.com\/embed\/xr3_vXl6qbs?feature=oembed\" frameborder=\"0\" allow=\"accelerometer; autoplay; clipboard-write; encrypted-media; gyroscope; picture-in-picture; web-share\" referrerpolicy=\"strict-origin-when-cross-origin\" allowfullscreen><\/iframe>\n<\/div><figcaption class=\"wp-element-caption\"><em><sub><strong>El acceso argentino a las Cataratas del Iguaz\u00fa fue restringido debido al desborde del r\u00edo Iguaz\u00fa, tras un fuerte temporal, que afecta a la provincia de Misiones y que tap\u00f3 las pasarelas del Parque Nacional<br><\/strong><\/sub><\/em><\/figcaption><\/figure>\n\n\n\n<figure class=\"wp-block-image size-large\"><img loading=\"lazy\" decoding=\"async\" width=\"1024\" height=\"516\" src=\"http:\/\/www.opyguadigital.com.ar\/lab\/wp-content\/uploads\/2023\/11\/IMAGEN-DESPUES-DEL-TITULO-1024x516.png\" alt=\"\" class=\"wp-image-2357\" srcset=\"http:\/\/www.opyguadigital.com.ar\/lab\/wp-content\/uploads\/2023\/11\/IMAGEN-DESPUES-DEL-TITULO-1024x516.png 1024w, http:\/\/www.opyguadigital.com.ar\/lab\/wp-content\/uploads\/2023\/11\/IMAGEN-DESPUES-DEL-TITULO-300x151.png 300w, http:\/\/www.opyguadigital.com.ar\/lab\/wp-content\/uploads\/2023\/11\/IMAGEN-DESPUES-DEL-TITULO-768x387.png 768w, http:\/\/www.opyguadigital.com.ar\/lab\/wp-content\/uploads\/2023\/11\/IMAGEN-DESPUES-DEL-TITULO.png 1300w\" sizes=\"auto, (max-width: 1024px) 100vw, 1024px\" \/><figcaption class=\"wp-element-caption\"><sub><em> El acceso argentino a las Cataratas del Iguaz\u00fa fue restringido debido al aumento en el caudal de agua en el territorio<br><\/em><\/sub><\/figcaption><\/figure>\n\n\n\n<p>El \u00e1rea del<strong> Parque Nacional Iguaz\u00fa debi\u00f3 restringir el acceso a visitantes<\/strong> en varias oportunidades, ya que se encuentra vigente la alerta meteorol\u00f3gica en el territorio. <\/p>\n\n\n\n<p>H\u00e9ctor Ball, jefe de guardaparques, trabaj\u00f3 en conjunto con las empresas de turismo para evacuar la zona y afirm\u00f3 que el parque cuenta con un terreno agreste y est\u00e1 dotado con una infraestructura acorde para realizar los recorridos en d\u00edas lluviosos, pero las r\u00e1fagas de viento pueden provocar ca\u00eddas de ramas o \u00e1rboles que podr\u00edan poner en riesgo a los turistas, por lo que se decidi\u00f3 restringir el ingreso a los mismos.<\/p>\n\n\n\n<figure class=\"wp-block-image size-full\"><img loading=\"lazy\" decoding=\"async\" width=\"940\" height=\"540\" src=\"http:\/\/www.opyguadigital.com.ar\/lab\/wp-content\/uploads\/2023\/11\/ACCESO-A-GARGANTA-DEL-DIABLO-CERRADO.png\" alt=\"\" class=\"wp-image-2359\" srcset=\"http:\/\/www.opyguadigital.com.ar\/lab\/wp-content\/uploads\/2023\/11\/ACCESO-A-GARGANTA-DEL-DIABLO-CERRADO.png 940w, http:\/\/www.opyguadigital.com.ar\/lab\/wp-content\/uploads\/2023\/11\/ACCESO-A-GARGANTA-DEL-DIABLO-CERRADO-300x172.png 300w, http:\/\/www.opyguadigital.com.ar\/lab\/wp-content\/uploads\/2023\/11\/ACCESO-A-GARGANTA-DEL-DIABLO-CERRADO-768x441.png 768w\" sizes=\"auto, (max-width: 940px) 100vw, 940px\" \/><figcaption class=\"wp-element-caption\"><em><sub>El  circuito de \u00abLa Garganta del Diablo\u00bb debi\u00f3 restringir el acceso a turistas por la creciente del r\u00edo Iguaz\u00fa<\/sub><\/em><\/figcaption><\/figure>\n\n\n\n<p>Se aplicaron los procedimientos de rebatimiento de las barandas en las pasarelas del circuito de \u201cLa Garganta del Diablo\u00bb. Este mecanismo se activa para que no se da\u00f1e la estructura, que funciona de acuerdo a los distintos niveles del r\u00edo.<\/p>\n\n\n\n<p>Cuando las aguas est\u00e1n bajas, las barandas de las pasarelas est\u00e1n levantadas y permiten la circulaci\u00f3n de la gente. Pero cuando el agua aumenta su caudal, las barandas se rebaten y quedan bajas reduciendo la resistencia del agua y permitiendo que troncos pasen por encima. Este mecanismo tambi\u00e9n permite su desprendimiento cuando el nivel del r\u00edo es&nbsp; muy alto, como ocurri\u00f3 en algunos tramos para no comprometer a la estructura de hormig\u00f3n. y las mismas puedan ser recuperadas y reinstaladas una vez que desciende el nivel del agua.<\/p>\n\n\n\n<p>Por otro lado, a&nbsp; trav\u00e9s de un comunicado de la<strong> Administraci\u00f3n de Parques Nacionales <\/strong>y la <strong>Concesionaria Iguaz\u00fa S.A <\/strong>, tambi\u00e9n estimaron que el acceso al salto de la \u201cGarganta del Diablo\u00bb estar\u00eda abierto al p\u00fablico reci\u00e9n el pr\u00f3ximo a\u00f1o.<\/p>\n\n\n\n<p><strong>Carol Da Rosa, Gerente General de Iguaz\u00fa Argentina<\/strong>,&nbsp; concesionaria encargada de la gesti\u00f3n en el \u00e1rea , <strong>explic\u00f3 que los trabajos de reparaci\u00f3n tomar\u00e1n varios meses<\/strong> y&nbsp; dijo que este a\u00f1o <strong>el agua alcanz\u00f3 niveles hist\u00f3ricos de 24.000 m3 por segundo<\/strong>, ocasionando da\u00f1os en la infraestructura.&nbsp;<\/p>\n\n\n\n<figure class=\"wp-block-image size-large\"><img loading=\"lazy\" decoding=\"async\" width=\"1024\" height=\"768\" src=\"http:\/\/www.opyguadigital.com.ar\/lab\/wp-content\/uploads\/2023\/11\/lg-1024x768.webp\" alt=\"\" class=\"wp-image-2361\" srcset=\"http:\/\/www.opyguadigital.com.ar\/lab\/wp-content\/uploads\/2023\/11\/lg-1024x768.webp 1024w, http:\/\/www.opyguadigital.com.ar\/lab\/wp-content\/uploads\/2023\/11\/lg-300x225.webp 300w, http:\/\/www.opyguadigital.com.ar\/lab\/wp-content\/uploads\/2023\/11\/lg-768x576.webp 768w, http:\/\/www.opyguadigital.com.ar\/lab\/wp-content\/uploads\/2023\/11\/lg.webp 1200w\" sizes=\"auto, (max-width: 1024px) 100vw, 1024px\" \/><figcaption class=\"wp-element-caption\"><em><sub>Operarios rebaten las barandas de las pasarelas en la Garganta del Diablo<br><\/sub><\/em><\/figcaption><\/figure>\n\n\n\n<p><strong>Leopoldo Lucas, Presidente de Iguaz\u00fa Turismo Ente Municipal (ITUREM)<\/strong>, explic\u00f3 que el comportamiento del agua se eval\u00faa constantemente para el cierre o apertura de una de las maravillas del mundo. Tambi\u00e9n expres\u00f3 que se llevar\u00e1n a cabo revisiones t\u00e9cnicas para evaluar el estado de los cimientos de todos los circuitos del Parque, a partir de las cuales se har\u00e1n informes sobre el impacto que tuvo la crecida. Tampoco se est\u00e1n realizando los paseos en el Catamar\u00e1n, el Kayak o la balsa. Lucas tambi\u00e9n remarc\u00f3 que <strong>aquellos que compraron entradas y no pudieron ingresar a los saltos tendr\u00e1n validez de un a\u00f1o en sus respectivas entradas <\/strong>y sugiri\u00f3 nuevas opciones tur\u00edsticas adem\u00e1s de las cataratas como:&nbsp;<\/p>\n\n\n\n<ul class=\"wp-block-list\">\n<li>El Museo de im\u00e1genes de la selva<\/li>\n\n\n\n<li>La Direcci\u00f3n del Patrimonio Hist\u00f3rico<\/li>\n\n\n\n<li>Fly Park Iguaz\u00fa<\/li>\n\n\n\n<li>Orquidearios<\/li>\n\n\n\n<li>El Hito de las tres fronteras<\/li>\n\n\n\n<li>El jard\u00edn de los picaflores<\/li>\n\n\n\n<li>El Dutty Free Shop<\/li>\n\n\n\n<li>Visitas guiadas a aldeas locales<\/li>\n<\/ul>\n\n\n\n<figure class=\"wp-block-image size-large\"><img loading=\"lazy\" decoding=\"async\" width=\"1024\" height=\"580\" src=\"http:\/\/www.opyguadigital.com.ar\/lab\/wp-content\/uploads\/2023\/11\/CATARATAS-PASARELAS-BLOQUEADAS-1024x580.png\" alt=\"\" class=\"wp-image-2363\" srcset=\"http:\/\/www.opyguadigital.com.ar\/lab\/wp-content\/uploads\/2023\/11\/CATARATAS-PASARELAS-BLOQUEADAS-1024x580.png 1024w, http:\/\/www.opyguadigital.com.ar\/lab\/wp-content\/uploads\/2023\/11\/CATARATAS-PASARELAS-BLOQUEADAS-300x170.png 300w, http:\/\/www.opyguadigital.com.ar\/lab\/wp-content\/uploads\/2023\/11\/CATARATAS-PASARELAS-BLOQUEADAS-768x435.png 768w, http:\/\/www.opyguadigital.com.ar\/lab\/wp-content\/uploads\/2023\/11\/CATARATAS-PASARELAS-BLOQUEADAS.png 1200w\" sizes=\"auto, (max-width: 1024px) 100vw, 1024px\" \/><figcaption class=\"wp-element-caption\"><sub><em>La creciente hizo que la empresa Iguaz\u00fa Argentina, dispusiera el cierre de la pasarela que conduce a Garganta del Diablo.<\/em><\/sub><\/figcaption><\/figure>\n\n\n\n<p><strong>MOCON\u00c1 Y SALTO ENCANTADO<\/strong><\/p>\n\n\n\n<p>Otro ejemplo de los efectos del temporal es el<strong> Parque Provincial Mocon\u00e1.<\/strong> El director de Turismo de El Soberbio, V\u00edctor Motta, dijo que en octubre las crecidas son habituales, pero que \u00e9stas \u00faltimas fueron&nbsp; m\u00e1s frecuentes e intensas.<\/p>\n\n\n\n<blockquote class=\"wp-block-quote is-layout-flow wp-block-quote-is-layout-flow\">\n<p class=\"has-black-color has-cyan-bluish-gray-background-color has-text-color has-background has-link-color has-medium-font-size wp-elements-b9225a392e2c39da88c6722c6b8359b8\"><strong><em>\u201cPara nosotros, que vivimos del turismo natural, es un problema porque no solo dependemos del r\u00edo Iguaz\u00fa o el Uruguay, sino tambi\u00e9n de los arroyos internos. Nuestros principales atractivos son los paseos n\u00e1uticos\u201d<\/em>, afirm\u00f3.<\/strong><\/p>\n<\/blockquote>\n\n\n\n<p>Motta cont\u00f3 que en lo que va del a\u00f1o, <strong>el parque lleva cerrado m\u00e1s de 70 d\u00edas.<\/strong><em> \u201cEs mucho m\u00e1s que la pandemia, pero somos un destino resiliente\u201d<\/em>, dijo. <em>\u201cSe mantienen los puestos de trabajo y las garant\u00edas de los trabajadores\u201d<\/em>, asegur\u00f3.<\/p>\n\n\n\n<p>Tambi\u00e9n sufrieron consecuencias en la zona Centro de Misiones, que no tiene un impacto directo de los r\u00edos. Sergio Vallena, presidente de la C\u00e1mara de Turismo Sierras Centrales, dijo que las reservas de alojamientos han disminuido en un alto porcentaje. <em>\u201cNos quedamos sin los saltos y cascadas, como tambi\u00e9n al destino Mocon\u00e1, que era uno de los destinos que ofrecemos\u201d<\/em>, explic\u00f3.<\/p>\n\n\n\n<p>Adem\u00e1s, las <a href=\"http:\/\/www.opyguadigital.com.ar\/lab\/2023\/11\/28\/el-desolador-escenario-que-dejo-el-temporal-en-el-interior-de-misiones\/\">tormentas causaron serios da\u00f1os en el interior de Misiones<\/a>, y  algunos alojamientos, contin\u00faan sin poder arreglarse&nbsp; ya que rigen las probabilidades de lluvia desde hace varias semanas.&nbsp;<\/p>\n\n\n\n<figure class=\"wp-block-image size-large\"><img loading=\"lazy\" decoding=\"async\" width=\"1024\" height=\"768\" src=\"http:\/\/www.opyguadigital.com.ar\/lab\/wp-content\/uploads\/2023\/11\/Arroyo-Yaboti-1-1024x768.jpeg\" alt=\"\" class=\"wp-image-2364\" srcset=\"http:\/\/www.opyguadigital.com.ar\/lab\/wp-content\/uploads\/2023\/11\/Arroyo-Yaboti-1-1024x768.jpeg 1024w, http:\/\/www.opyguadigital.com.ar\/lab\/wp-content\/uploads\/2023\/11\/Arroyo-Yaboti-1-300x225.jpeg 300w, http:\/\/www.opyguadigital.com.ar\/lab\/wp-content\/uploads\/2023\/11\/Arroyo-Yaboti-1-768x576.jpeg 768w, http:\/\/www.opyguadigital.com.ar\/lab\/wp-content\/uploads\/2023\/11\/Arroyo-Yaboti-1.jpeg 1032w\" sizes=\"auto, (max-width: 1024px) 100vw, 1024px\" \/><figcaption class=\"wp-element-caption\"><em><sub>Por crecida del arroyo Yabot\u00ed, cerraron el acceso a los Saltos del Mocon\u00e1<\/sub><\/em><\/figcaption><\/figure>\n\n\n\n<p>Por el momento, no se hizo un relevamiento general de todos los hospedajes, pero s\u00ed hay informaci\u00f3n del impacto negativo en las reservas debido a las intensas lluvias. Se estima que el mes de noviembre terminar\u00e1 con bajos n\u00fameros.<\/p>\n\n\n\n<p>El <strong>Parque Salto Encantado<\/strong> tambi\u00e9n permaneci\u00f3 cerrado hasta principios del mes de noviembre. Desde el <strong>Ministerio de Turismo de Misiones<\/strong> informaron que debido a las tormentas el \u00e1rea present\u00f3 problemas en el suministro de energ\u00eda el\u00e9ctrica y gran cantidad de \u00e1rboles ca\u00eddos que dificultaron el uso de los senderos. Por tal motivo se decidi\u00f3 cerrar el parque luego de que el equipo del lugar junto a guardaparques analizaron la situaci\u00f3n.<\/p>\n\n\n\n<figure class=\"wp-block-image size-full is-resized\"><img loading=\"lazy\" decoding=\"async\" width=\"501\" height=\"286\" src=\"http:\/\/www.opyguadigital.com.ar\/lab\/wp-content\/uploads\/2023\/11\/SALTO-ENCANTADO-DESTROZOS.png\" alt=\"\" class=\"wp-image-2362\" style=\"width:873px;height:auto\" srcset=\"http:\/\/www.opyguadigital.com.ar\/lab\/wp-content\/uploads\/2023\/11\/SALTO-ENCANTADO-DESTROZOS.png 501w, http:\/\/www.opyguadigital.com.ar\/lab\/wp-content\/uploads\/2023\/11\/SALTO-ENCANTADO-DESTROZOS-300x171.png 300w\" sizes=\"auto, (max-width: 501px) 100vw, 501px\" \/><figcaption class=\"wp-element-caption\"><em><sub>El Parque Provincial SALTO ENCANTADO sufri\u00f3 destrozos y ca\u00edda de \u00e1rboles tras el temporal<\/sub><\/em><\/figcaption><\/figure>\n\n\n\n<p><strong>EMERGENCIA H\u00cdDRICA<\/strong><\/p>\n\n\n\n<p>El 1 de noviembre el gobierno de <strong>Misiones declar\u00f3 el estado de emergencia h\u00eddrica y agropecuaria por 180 d\u00edas corridos y prorrogables<\/strong>. La medida fue tomada ante las crecidas del r\u00edo Paran\u00e1, Iguaz\u00fa y Uruguay, y que provocaron grandes inundaciones en varios municipios provinciales.&nbsp; La medida incluye la asistencia a familias afectadas, la reparaci\u00f3n de infraestructura da\u00f1ada y la implementaci\u00f3n de medidas para mitigar los efectos del cambio clim\u00e1tico. Las inundaciones han causado graves da\u00f1os a la econom\u00eda misionera.<\/p>\n\n\n\n<figure class=\"wp-block-image size-large\"><img loading=\"lazy\" decoding=\"async\" width=\"1024\" height=\"768\" src=\"http:\/\/www.opyguadigital.com.ar\/lab\/wp-content\/uploads\/2023\/11\/El-Soberbio-19-del-010.jpg-1024x768.webp\" alt=\"\" class=\"wp-image-2365\" srcset=\"http:\/\/www.opyguadigital.com.ar\/lab\/wp-content\/uploads\/2023\/11\/El-Soberbio-19-del-010.jpg-1024x768.webp 1024w, http:\/\/www.opyguadigital.com.ar\/lab\/wp-content\/uploads\/2023\/11\/El-Soberbio-19-del-010.jpg-300x225.webp 300w, http:\/\/www.opyguadigital.com.ar\/lab\/wp-content\/uploads\/2023\/11\/El-Soberbio-19-del-010.jpg-768x576.webp 768w, http:\/\/www.opyguadigital.com.ar\/lab\/wp-content\/uploads\/2023\/11\/El-Soberbio-19-del-010.jpg.webp 1080w\" sizes=\"auto, (max-width: 1024px) 100vw, 1024px\" \/><figcaption class=\"wp-element-caption\"><em><sub>En el municipio de El Soberbio 400 familias fueron evacuadas por inundaciones <\/sub><\/em><\/figcaption><\/figure>\n\n\n\n<figure class=\"wp-block-image size-full\"><img loading=\"lazy\" decoding=\"async\" width=\"900\" height=\"900\" src=\"http:\/\/www.opyguadigital.com.ar\/lab\/wp-content\/uploads\/2023\/11\/Temporal-en-Misiones07.jpeg\" alt=\"\" class=\"wp-image-2366\" srcset=\"http:\/\/www.opyguadigital.com.ar\/lab\/wp-content\/uploads\/2023\/11\/Temporal-en-Misiones07.jpeg 900w, http:\/\/www.opyguadigital.com.ar\/lab\/wp-content\/uploads\/2023\/11\/Temporal-en-Misiones07-300x300.jpeg 300w, http:\/\/www.opyguadigital.com.ar\/lab\/wp-content\/uploads\/2023\/11\/Temporal-en-Misiones07-150x150.jpeg 150w, http:\/\/www.opyguadigital.com.ar\/lab\/wp-content\/uploads\/2023\/11\/Temporal-en-Misiones07-768x768.jpeg 768w\" sizes=\"auto, (max-width: 900px) 100vw, 900px\" \/><figcaption class=\"wp-element-caption\"><em><sub>Aseguran que las inundaciones son producto de la deforestaci\u00f3n en Misiones<\/sub><\/em><\/figcaption><\/figure>\n\n\n\n<p>El sector agr\u00edcola es otro de los sectores importantes con los que cuenta la provincia y tambi\u00e9n uno de los m\u00e1s afectados en cuestiones de cultivos y ganado, provocando p\u00e9rdidas millonarias y un escenario dram\u00e1tico para los productores. Las tormentas tambi\u00e9n afectaron a la infraestructura vial y energ\u00e9tica, dificultando el acceso a los lugares afectados, y retraso en el buen funcionamiento para obtener los servicios b\u00e1sicos.<\/p>\n\n\n\n<p>Las autoridades de Misiones esperan que el caudal de agua disminuya en los pr\u00f3ximos meses. Sin embargo, <strong>el Servicio Meteorol\u00f3gico Nacional (SMN) estima que las condiciones de<a href=\"http:\/\/www.opyguadigital.com.ar\/lab\/2023\/11\/28\/el-nino-el-fenomeno-que-atormenta-a-todo-america\/\"> \u201cEl Ni\u00f1o\u00bb un fen\u00f3meno clim\u00e1tico <\/a>que ocurre en el Oc\u00e9ano Pac\u00edfico ecuatorial y que est\u00e1 provocando las crecidas, continuar\u00e1 en los pr\u00f3ximos tres meses.<\/strong> Por lo tanto, es probable que la emergencia h\u00eddrica en Misiones se prolongue por alg\u00fan tiempo, ya que este fen\u00f3meno puede durar entre 9 y 12 meses.&nbsp;<\/p>\n\n\n\n<p>De este modo, los organismos de seguridad provincial tomaron medidas de mitigaci\u00f3n que incluyen <a href=\"http:\/\/www.opyguadigital.com.ar\/lab\/2023\/11\/28\/angustia-y-desesperacion-mas-de-1000-familias-fueron-asistidas-tras-el-temporal\/\">asistencia a los afectados por las inundaciones<\/a>, la reparaci\u00f3n de rutas y puentes, asistencia a los productores para la recuperaci\u00f3n de sus cultivos. Tambi\u00e9n se presentaron proyectos para mejorar la resiliencia a los fen\u00f3menos clim\u00e1ticos extremos, estos incluyen la construcci\u00f3n de diques y defensa costera, educaci\u00f3n sobre el cambio clim\u00e1tico y la reforestaci\u00f3n de cuencas hidrogr\u00e1ficas.&nbsp;<\/p>\n\n\n\n<p>El gobierno de Misiones emiti\u00f3 una serie de<a href=\"http:\/\/www.opyguadigital.com.ar\/lab\/2023\/11\/28\/fenomeno-el-nino-prevencion-y-cuidados-de-salud\/\"> recomendaciones para la poblaci\u00f3n en caso de emergencias por tormentas <\/a>que incluyen recomendaciones de prevenci\u00f3n y cuidados ante emergencias por tormentas en la regi\u00f3n. <\/p>\n\n\n<div class=\"wp-block-image\">\n<figure class=\"aligncenter size-large is-resized\"><img loading=\"lazy\" decoding=\"async\" width=\"410\" height=\"1024\" src=\"http:\/\/www.opyguadigital.com.ar\/lab\/wp-content\/uploads\/2023\/11\/INFOGRAFIA-EMERGENCIA-POR-TORMENTAS-410x1024.jpg\" alt=\"\" class=\"wp-image-2367\" style=\"width:329px;height:auto\" srcset=\"http:\/\/www.opyguadigital.com.ar\/lab\/wp-content\/uploads\/2023\/11\/INFOGRAFIA-EMERGENCIA-POR-TORMENTAS-410x1024.jpg 410w, http:\/\/www.opyguadigital.com.ar\/lab\/wp-content\/uploads\/2023\/11\/INFOGRAFIA-EMERGENCIA-POR-TORMENTAS-120x300.jpg 120w, http:\/\/www.opyguadigital.com.ar\/lab\/wp-content\/uploads\/2023\/11\/INFOGRAFIA-EMERGENCIA-POR-TORMENTAS.jpg 640w\" sizes=\"auto, (max-width: 410px) 100vw, 410px\" \/><\/figure>\n<\/div>","protected":false},"excerpt":{"rendered":"<p>Durante los meses de octubre y noviembre, se registraron fuertes tormentas en la provincia con intensidad de&nbsp; lluvia, viento y granizo. Adem\u00e1s de afectar a las pasarelas del Parque Nacional Iguaz\u00fa, el&nbsp; temporal provoc\u00f3 la ca\u00edda de \u00e1rboles y postes de luz, voladuras de techos, y desbordes de arroyos que inhabilitaron el acceso a rutas [&hellip;]<\/p>\n","protected":false},"author":5,"featured_media":2363,"comment_status":"open","ping_status":"open","sticky":false,"template":"","format":"standard","meta":{"footnotes":""},"categories":[272],"tags":[271,174,37,172,270],"class_list":["post-2356","post","type-post","status-publish","format-standard","has-post-thumbnail","hentry","category-turismo","tag-cataratas-de-iguazu","tag-fenomeno-el-nino","tag-misiones","tag-temporal-en-misiones","tag-turismo"],"_links":{"self":[{"href":"http:\/\/www.opyguadigital.com.ar\/lab\/wp-json\/wp\/v2\/posts\/2356","targetHints":{"allow":["GET"]}}],"collection":[{"href":"http:\/\/www.opyguadigital.com.ar\/lab\/wp-json\/wp\/v2\/posts"}],"about":[{"href":"http:\/\/www.opyguadigital.com.ar\/lab\/wp-json\/wp\/v2\/types\/post"}],"author":[{"embeddable":true,"href":"http:\/\/www.opyguadigital.com.ar\/lab\/wp-json\/wp\/v2\/users\/5"}],"replies":[{"embeddable":true,"href":"http:\/\/www.opyguadigital.com.ar\/lab\/wp-json\/wp\/v2\/comments?post=2356"}],"version-history":[{"count":8,"href":"http:\/\/www.opyguadigital.com.ar\/lab\/wp-json\/wp\/v2\/posts\/2356\/revisions"}],"predecessor-version":[{"id":2906,"href":"http:\/\/www.opyguadigital.com.ar\/lab\/wp-json\/wp\/v2\/posts\/2356\/revisions\/2906"}],"wp:featuredmedia":[{"embeddable":true,"href":"http:\/\/www.opyguadigital.com.ar\/lab\/wp-json\/wp\/v2\/media\/2363"}],"wp:attachment":[{"href":"http:\/\/www.opyguadigital.com.ar\/lab\/wp-json\/wp\/v2\/media?parent=2356"}],"wp:term":[{"taxonomy":"category","embeddable":true,"href":"http:\/\/www.opyguadigital.com.ar\/lab\/wp-json\/wp\/v2\/categories?post=2356"},{"taxonomy":"post_tag","embeddable":true,"href":"http:\/\/www.opyguadigital.com.ar\/lab\/wp-json\/wp\/v2\/tags?post=2356"}],"curies":[{"name":"wp","href":"https:\/\/api.w.org\/{rel}","templated":true}]}}