{"id":2370,"date":"2023-11-28T04:20:56","date_gmt":"2023-11-28T04:20:56","guid":{"rendered":"http:\/\/www.opyguadigital.com.ar\/lab\/?p=2370"},"modified":"2023-11-28T04:45:35","modified_gmt":"2023-11-28T04:45:35","slug":"afianzan-las-medidas-de-prevencion-ante-un-posible-rebrote-de-dengue-en-posadas","status":"publish","type":"post","link":"http:\/\/www.opyguadigital.com.ar\/lab\/2023\/11\/28\/afianzan-las-medidas-de-prevencion-ante-un-posible-rebrote-de-dengue-en-posadas\/","title":{"rendered":"Afianzan las medidas de prevenci\u00f3n ante un posible rebrote de dengue en Posadas"},"content":{"rendered":"\n<h4 class=\"wp-block-heading has-text-align-left has-medium-font-size\"><em><strong>Fabricio Tejerina, director de vigilancia y control de Vectores, inform\u00f3 sobre los principales focos de reproducci\u00f3n de larvas del Aedes Aegypti en los hogares. Adem\u00e1s, coment\u00f3 acerca de las acciones de prevenci\u00f3n constante por parte de la municipalidad en los barrios y escuelas. <\/strong><\/em><\/h4>\n\n\n\n<p class=\"has-drop-cap\">En un di\u00e1logo distendido Tejerina explic\u00f3 que el trabajo consiste en monitorear y evaluar las acciones preventivas que se realizan en los diferentes barrios posade\u00f1os para conocer cu\u00e1les son los que tienen \u00edndices de infestaci\u00f3n m\u00e1s altos. Adem\u00e1s puntualiz\u00f3 que estos trabajos les sirven para darles \u201cuna perspectiva de lo que est\u00e1 pasando en la sociedad y c\u00f3mo podemos llegar con el mejor discurso\u201d.&nbsp;&nbsp;<\/p>\n\n\n\n<p>En cuanto a los criaderos de larvas, afirm\u00f3 \u201ctenemos identificados que los principales focos de concentraci\u00f3n del mosquito en la ciudad son los baldes de pinturas; los m\u00e1s comunes son los de 20 o 10 litros\u201d. Este problema se ubica en primer lugar y representa el 30% de reproducci\u00f3n de mosquitos; en segundo lugar est\u00e1n los neum\u00e1ticos, donde hay una importante concentraci\u00f3n de Levantamiento de \u00cdndices R\u00e1pidos de Aedes aegypti (LIRAa), que representa el 18%; en tercer lugar se encuentran las plantas en macetas; y el cuarto le corresponde a los tanques bajos. En relaci\u00f3n a eso sostuvo que \u201ces importante conocer qu\u00e9 tipo de criadero es porque si ten\u00e9s un florero con agua estancada puede tener de 20 a 100 larvas y en uno de 800 litros aproximadamente pueden existir miles. Entonces la productividad es diferente\u201d.&nbsp;<\/p>\n\n\n\n<p>Al mismo tiempo resalt\u00f3 la problem\u00e1tica que se da en algunos barrios donde suelen no tener agua porque la gente se acostumbra a juntar y almacenar el l\u00edquido vital en diferentes recipientes que luego se olvidan de desagotar generando que de esa manera se produzcan las larvas.<\/p>\n\n\n\n<h4 class=\"wp-block-heading has-large-font-size\">Medidas de prevenci\u00f3n contra el dengue <\/h4>\n\n\n\n<p>Esta enfermedad viral que es transmitida por la picadura del mosquito Aedes aegypti presenta diferentes <strong><a href=\"http:\/\/www.opyguadigital.com.ar\/lab\/2023\/11\/28\/habra-mosquitos-todo-el-ano-debido-al-cambio-climatico-advirtio-fabricio-tejerina\/\">etapas epidemiol\u00f3gicas<\/a><\/strong> y es m\u00e1s frecuente en las regiones de climas tropicales y subtropicales.<strong>\u00a0<\/strong><\/p>\n\n\n\n<p>Desde la direcci\u00f3n de vigilancia trabajan arduamente a\u00f1o tras a\u00f1o para generar conciencia en las personas acerca de la importancia de la prevenci\u00f3n contra ella. Particularmente, el director Tejerina puntualiz\u00f3 en una medida sencilla, f\u00e1cil y r\u00e1pida para combatirla;<\/p>\n\n\n\n<figure class=\"wp-block-embed is-type-video is-provider-youtube wp-block-embed-youtube wp-embed-aspect-16-9 wp-has-aspect-ratio\"><div class=\"wp-block-embed__wrapper\">\n<iframe loading=\"lazy\" title=\"Fragmento de Entrevista a Fabricio Tejerina\" width=\"640\" height=\"360\" src=\"https:\/\/www.youtube.com\/embed\/kAJKRyj2WwM?feature=oembed\" frameborder=\"0\" allow=\"accelerometer; autoplay; clipboard-write; encrypted-media; gyroscope; picture-in-picture; web-share\" referrerpolicy=\"strict-origin-when-cross-origin\" allowfullscreen><\/iframe>\n<\/div><figcaption class=\"wp-element-caption\"><em>Entrevista a Fabricio Tejerina, Director<\/em> <em>de Vigilancia y control de Vectores<\/em>. <\/figcaption><\/figure>\n\n\n\n<p>Sumado a eso, remarc\u00f3 que ellos adem\u00e1s de visitar casa por casa para ver los tipos de criaderos, informar sobre esta problem\u00e1tica a las personas y recomendarles que hacer frente a ella, cuentan con un \u00e1rea de educaci\u00f3n que trabaja fuerte dando charlas en escuelas primarias, secundarias y terciarias.<\/p>\n\n\n\n<figure class=\"wp-block-image size-large is-resized\"><img loading=\"lazy\" decoding=\"async\" width=\"554\" height=\"1024\" src=\"http:\/\/www.opyguadigital.com.ar\/lab\/wp-content\/uploads\/2023\/11\/Dengueee-554x1024.png\" alt=\"\" class=\"wp-image-2385\" style=\"width:646px;height:auto\" srcset=\"http:\/\/www.opyguadigital.com.ar\/lab\/wp-content\/uploads\/2023\/11\/Dengueee-554x1024.png 554w, http:\/\/www.opyguadigital.com.ar\/lab\/wp-content\/uploads\/2023\/11\/Dengueee-162x300.png 162w, http:\/\/www.opyguadigital.com.ar\/lab\/wp-content\/uploads\/2023\/11\/Dengueee-768x1421.png 768w, http:\/\/www.opyguadigital.com.ar\/lab\/wp-content\/uploads\/2023\/11\/Dengueee.png 800w\" sizes=\"auto, (max-width: 554px) 100vw, 554px\" \/><\/figure>\n\n\n\n<p>Para cerrar Fabricio remarc\u00f3 que \u201cla transmisi\u00f3n de la informaci\u00f3n es importante para lograr que la prevenci\u00f3n sea el pilar de todo. Que la gente conozca lo conceptual y lo actitudinal sobre la enfermedad evitar\u00e1 su propagaci\u00f3n para as\u00ed no llegar a una<a href=\"http:\/\/www.opyguadigital.com.ar\/lab\/2023\/11\/28\/si-hay-una-explosion-de-enfermos-de-dengue-mucha-gente-va-a-morir-alerto-fabricio-tejerina\/\"> <strong>explosi\u00f3n de casos<\/strong><\/a><strong>\u201d.\u00a0<\/strong><\/p>\n\n\n\n<p>Cabe destacar que estas iniciativas de prevenci\u00f3n se est\u00e1n llevando a cabo no solo en Posadas sino en toda la provincia de Misiones. Tambi\u00e9n en el <strong><a href=\"http:\/\/www.opyguadigital.com.ar\/lab\/2023\/11\/28\/aumentaron-los-casos-de-dengue-en-el-nea-y-en-paraguay\/\">NEA<\/a>, <\/strong>donde se ha reportado un incremento de casos debido a las fuertes lluvias e inundaciones que sufrieron los departamentos provinciales en las \u00faltimas semanas.\u00a0<\/p>\n","protected":false},"excerpt":{"rendered":"<p>Fabricio Tejerina, director de vigilancia y control de Vectores, inform\u00f3 sobre los principales focos de reproducci\u00f3n de larvas del Aedes Aegypti en los hogares. Adem\u00e1s, coment\u00f3 acerca de las acciones de prevenci\u00f3n constante por parte de la municipalidad en los barrios y escuelas. En un di\u00e1logo distendido Tejerina explic\u00f3 que el trabajo consiste en monitorear [&hellip;]<\/p>\n","protected":false},"author":9,"featured_media":2377,"comment_status":"open","ping_status":"open","sticky":false,"template":"","format":"standard","meta":{"footnotes":""},"categories":[1],"tags":[214,37,215],"class_list":["post-2370","post","type-post","status-publish","format-standard","has-post-thumbnail","hentry","category-sin-categoria","tag-dengue","tag-misiones","tag-municipalidad-de-posadas"],"_links":{"self":[{"href":"http:\/\/www.opyguadigital.com.ar\/lab\/wp-json\/wp\/v2\/posts\/2370","targetHints":{"allow":["GET"]}}],"collection":[{"href":"http:\/\/www.opyguadigital.com.ar\/lab\/wp-json\/wp\/v2\/posts"}],"about":[{"href":"http:\/\/www.opyguadigital.com.ar\/lab\/wp-json\/wp\/v2\/types\/post"}],"author":[{"embeddable":true,"href":"http:\/\/www.opyguadigital.com.ar\/lab\/wp-json\/wp\/v2\/users\/9"}],"replies":[{"embeddable":true,"href":"http:\/\/www.opyguadigital.com.ar\/lab\/wp-json\/wp\/v2\/comments?post=2370"}],"version-history":[{"count":12,"href":"http:\/\/www.opyguadigital.com.ar\/lab\/wp-json\/wp\/v2\/posts\/2370\/revisions"}],"predecessor-version":[{"id":2677,"href":"http:\/\/www.opyguadigital.com.ar\/lab\/wp-json\/wp\/v2\/posts\/2370\/revisions\/2677"}],"wp:featuredmedia":[{"embeddable":true,"href":"http:\/\/www.opyguadigital.com.ar\/lab\/wp-json\/wp\/v2\/media\/2377"}],"wp:attachment":[{"href":"http:\/\/www.opyguadigital.com.ar\/lab\/wp-json\/wp\/v2\/media?parent=2370"}],"wp:term":[{"taxonomy":"category","embeddable":true,"href":"http:\/\/www.opyguadigital.com.ar\/lab\/wp-json\/wp\/v2\/categories?post=2370"},{"taxonomy":"post_tag","embeddable":true,"href":"http:\/\/www.opyguadigital.com.ar\/lab\/wp-json\/wp\/v2\/tags?post=2370"}],"curies":[{"name":"wp","href":"https:\/\/api.w.org\/{rel}","templated":true}]}}