{"id":243,"date":"2022-11-01T13:45:08","date_gmt":"2022-11-01T13:45:08","guid":{"rendered":"http:\/\/www.opyguadigital.com.ar\/lab\/?p=243"},"modified":"2022-11-03T18:34:05","modified_gmt":"2022-11-03T18:34:05","slug":"rock-en-posadas-conoce-la-problematica-de-las-bandas-locales-a-la-hora-de-conseguir-lugar-para-tocar","status":"publish","type":"post","link":"http:\/\/www.opyguadigital.com.ar\/lab\/2022\/11\/01\/rock-en-posadas-conoce-la-problematica-de-las-bandas-locales-a-la-hora-de-conseguir-lugar-para-tocar\/","title":{"rendered":"Rock en Posadas: conoc\u00e9 la problem\u00e1tica de las bandas locales a la hora de conseguir lugar para tocar"},"content":{"rendered":"\n<p>Tras el show de <strong>Bersuit Vergarabat<\/strong>, teniendo como teloneros artistas locales se abri\u00f3 el debate sobre <strong>la dificultad de estos para conseguir lugar para tocar que, sumado a la poca convocatoria que tienen los artistas de la movida rockera posade\u00f1a son factores que Japo Fleitas considera los d<\/strong>etonantes de la desmotivaci\u00f3n para hacer presentaciones.&nbsp;<\/p>\n\n\n\n<figure class=\"wp-block-embed is-type-video is-provider-youtube wp-block-embed-youtube wp-embed-aspect-16-9 wp-has-aspect-ratio\"><div class=\"wp-block-embed__wrapper\">\n<iframe loading=\"lazy\" title=\"Entrevista a Japo Fleitas\" width=\"640\" height=\"360\" src=\"https:\/\/www.youtube.com\/embed\/MlvJ5ETGBNw?feature=oembed\" frameborder=\"0\" allow=\"accelerometer; autoplay; clipboard-write; encrypted-media; gyroscope; picture-in-picture; web-share\" referrerpolicy=\"strict-origin-when-cross-origin\" allowfullscreen><\/iframe>\n<\/div><\/figure>\n\n\n\n<p>&nbsp;<strong>Japo<\/strong> tiene en claro la calidad de artistas con la que cuenta esta ciudad, pero afirm\u00f3 que quedan desfavorecidos al no tener condiciones de armar escenarios y tocar con instrumentos de mucha calidad como los que traen bandas nacionales.&nbsp;<\/p>\n\n\n\n<p>Esto se pudo apreciar en el \u00faltimo <a rel=\"noreferrer noopener\" href=\"http:\/\/www.opyguadigital.com.ar\/lab\/?p=161&amp;preview=true&amp;_thumbnail_id=167\" target=\"_blank\">festival donde toc\u00f3 Bersuit Vergarabat<\/a>, el d\u00eda 09 de octubre en el parque La cantera, present\u00e1ndose<strong> <\/strong>antes <strong>Ronda y los Nenecos<\/strong> y <strong>Flores a los chanchos<\/strong> como sus teloneros.\u00a0<\/p>\n\n\n\n<p><a rel=\"noreferrer noopener\" href=\"http:\/\/www.opyguadigital.com.ar\/lab\/2022\/11\/01\/la-bersuit-multitudinarios-recitales-en-la-provincia-de-misiones\/\" target=\"_blank\">Las presentaciones de esta banda en <strong>Posadas<\/strong> y la provincia<\/a>, dan oportunidad a artistas locales de tener un alcance mayor, siendo teloneros en dichos shows. Es esta una <a rel=\"noreferrer noopener\" href=\"http:\/\/www.opyguadigital.com.ar\/lab\/2022\/11\/01\/marcelo-kuczek-estamos-contentos-que-se-realicen-estos-eventos\/\" target=\"_blank\">oportunidad de visibilidad para bandas posade\u00f1as<\/a>. Y, por otro lado, no deben ser los \u00fanicos escenarios a ser apuntados, sino que seg\u00fan <strong>Japo<\/strong> los propios m\u00fasicos de <strong>Posadas<\/strong> tienen que buscar afianzarse por s\u00ed solos.&nbsp;<\/p>\n\n\n\n<p>El experimentado m\u00fasico posade\u00f1o inici\u00f3 su carrera en la banda <strong>La corte del se\u00f1or Manga<\/strong>, hace m\u00e1s de 30 a\u00f1os, en la ciudad de Buenos Aires. Afirm\u00f3 que eso fue un factor a su favor, ya que siempre se valoran m\u00e1s las bandas que vienen de afuera y tienen m\u00e1s p\u00fablico, dejando de lado los grupos locales.<\/p>\n\n\n\n<p style=\"font-size:10px\"><strong>Trabajo hecho por Gonzalvez Padilla Lucia Joaquina (preproducci\u00f3n, producci\u00f3n y post producci\u00f3n) Fioravante Lucas (coordinaci\u00f3n).<\/strong><\/p>\n","protected":false},"excerpt":{"rendered":"<p>Tras el show de Bersuit Vergarabat, teniendo como teloneros artistas locales se abri\u00f3 el debate sobre la dificultad de estos para conseguir lugar para tocar que, sumado a la poca convocatoria que tienen los artistas de la movida rockera posade\u00f1a son factores que Japo Fleitas considera los detonantes de la desmotivaci\u00f3n para hacer presentaciones.&nbsp; &nbsp;Japo [&hellip;]<\/p>\n","protected":false},"author":4,"featured_media":248,"comment_status":"open","ping_status":"open","sticky":false,"template":"","format":"standard","meta":{"footnotes":""},"categories":[1],"tags":[14,13,15],"class_list":["post-243","post","type-post","status-publish","format-standard","has-post-thumbnail","hentry","category-sin-categoria","tag-bersuit-en-posadas","tag-cultura","tag-rock-local"],"_links":{"self":[{"href":"http:\/\/www.opyguadigital.com.ar\/lab\/wp-json\/wp\/v2\/posts\/243","targetHints":{"allow":["GET"]}}],"collection":[{"href":"http:\/\/www.opyguadigital.com.ar\/lab\/wp-json\/wp\/v2\/posts"}],"about":[{"href":"http:\/\/www.opyguadigital.com.ar\/lab\/wp-json\/wp\/v2\/types\/post"}],"author":[{"embeddable":true,"href":"http:\/\/www.opyguadigital.com.ar\/lab\/wp-json\/wp\/v2\/users\/4"}],"replies":[{"embeddable":true,"href":"http:\/\/www.opyguadigital.com.ar\/lab\/wp-json\/wp\/v2\/comments?post=243"}],"version-history":[{"count":11,"href":"http:\/\/www.opyguadigital.com.ar\/lab\/wp-json\/wp\/v2\/posts\/243\/revisions"}],"predecessor-version":[{"id":824,"href":"http:\/\/www.opyguadigital.com.ar\/lab\/wp-json\/wp\/v2\/posts\/243\/revisions\/824"}],"wp:featuredmedia":[{"embeddable":true,"href":"http:\/\/www.opyguadigital.com.ar\/lab\/wp-json\/wp\/v2\/media\/248"}],"wp:attachment":[{"href":"http:\/\/www.opyguadigital.com.ar\/lab\/wp-json\/wp\/v2\/media?parent=243"}],"wp:term":[{"taxonomy":"category","embeddable":true,"href":"http:\/\/www.opyguadigital.com.ar\/lab\/wp-json\/wp\/v2\/categories?post=243"},{"taxonomy":"post_tag","embeddable":true,"href":"http:\/\/www.opyguadigital.com.ar\/lab\/wp-json\/wp\/v2\/tags?post=243"}],"curies":[{"name":"wp","href":"https:\/\/api.w.org\/{rel}","templated":true}]}}