{"id":2932,"date":"2023-11-28T15:03:57","date_gmt":"2023-11-28T15:03:57","guid":{"rendered":"http:\/\/www.opyguadigital.com.ar\/lab\/?p=2932"},"modified":"2023-11-28T15:03:58","modified_gmt":"2023-11-28T15:03:58","slug":"se-estreno-el-docuficcion-basilicia-en-el-20-aniversario-de-obera-en-cortos","status":"publish","type":"post","link":"http:\/\/www.opyguadigital.com.ar\/lab\/2023\/11\/28\/se-estreno-el-docuficcion-basilicia-en-el-20-aniversario-de-obera-en-cortos\/","title":{"rendered":"Se estren\u00f3 el docuficci\u00f3n Basilicia en el 20\u00b0 aniversario de Ober\u00e1 en Cortos"},"content":{"rendered":"\n<p>Gast\u00f3n Gularte junto a Gustavo Carbonell son los directores del largometraje misionero Basilicia que se estren\u00f3 el mi\u00e9rcoles 11 de octubre en el Cine Teatro de Ober\u00e1.<\/p>\n\n\n\n<figure class=\"wp-block-image size-full is-resized\"><img loading=\"lazy\" decoding=\"async\" width=\"800\" height=\"451\" src=\"http:\/\/www.opyguadigital.com.ar\/lab\/wp-content\/uploads\/2023\/11\/FOTO-NOTICIA.jpeg\" alt=\"\" class=\"wp-image-2941\" style=\"width:840px;height:auto\" srcset=\"http:\/\/www.opyguadigital.com.ar\/lab\/wp-content\/uploads\/2023\/11\/FOTO-NOTICIA.jpeg 800w, http:\/\/www.opyguadigital.com.ar\/lab\/wp-content\/uploads\/2023\/11\/FOTO-NOTICIA-300x169.jpeg 300w, http:\/\/www.opyguadigital.com.ar\/lab\/wp-content\/uploads\/2023\/11\/FOTO-NOTICIA-768x433.jpeg 768w\" sizes=\"auto, (max-width: 800px) 100vw, 800px\" \/><figcaption class=\"wp-element-caption\">Gast\u00f3n Gularte y Gustavo Carbonell<\/figcaption><\/figure>\n\n\n\n<p><strong>Acerca de Gast\u00f3n Gularte:&nbsp;<\/strong><\/p>\n\n\n\n<p>\u201cEn principio hay que definir c\u00f3mo es uno y despu\u00e9s como es uno en la profesi\u00f3n\u201d&nbsp;<\/p>\n\n\n\n<p>Gast\u00f3n Gularte naci\u00f3 en la d\u00e9cada del \u201860. Se describi\u00f3 como una persona perseverante y pasional que asume desaf\u00edos y los cumple. Trata de ser amable, amoroso y solidario y su precepto fundamental es dejar algo para la comunidad como eje transversal de su vida.<\/p>\n\n\n\n<p>\u201cLo que produzco, no lo produzco porque s\u00ed sino porque tiene un sentido para m\u00ed producirlo y dirigirlo\u201d<\/p>\n\n\n\n<p>Gast\u00f3n naci\u00f3 en Rosario, Argentina, pero su infancia transcurri\u00f3 en Misiones. All\u00ed desarroll\u00f3 su amor por la tierra y la cultura misionera. Estudi\u00f3 Periodismo en C\u00f3rdoba, pero su pasi\u00f3n por las c\u00e1maras lo llev\u00f3 de vuelta a Misiones, donde fund\u00f3 la productora audiovisual Detr\u00e1s del Sol, junto a su mujer, Marisa Hassan, en 1994. Con su productora, Gularte realiz\u00f3 m\u00e1s de 200 documentales y cortometrajes que contribuyeron a dar a conocer la riqueza de Misiones a nivel nacional e internacional.&nbsp;<\/p>\n\n\n\n<p>\u00abNo s\u00e9 si tengo rango de artista, me parece que ser un artista es mucho m\u00e1s de lo que yo pueda hacer\u00bb<\/p>\n\n\n\n<p><strong>Basilicia: \u201cCuando la historia la escriben los que luchan\u201d&nbsp;<\/strong><\/p>\n\n\n\n<p>La pel\u00edcula representa la masacre de Ober\u00e1 de 1936, donde fallecieron colonos que llegaron desde sus colonias a Ober\u00e1, en una emboscada de autoridades policiales mientras reclamaban por el precio de sus productos como la yerba mate. El <a href=\"http:\/\/www.opyguadigital.com.ar\/lab\/?p=2780\" target=\"_blank\" rel=\"noreferrer noopener\">20\u00b0 aniversario de Ober\u00e1 en Cortos<\/a> fue el mejor contexto para el preestreno de Basilicia, ya que aport\u00f3 un eslab\u00f3n m\u00e1s al gran evento que incluye<a href=\"http:\/\/www.opyguadigital.com.ar\/lab\/?p=2854\" target=\"_blank\" rel=\"noreferrer noopener\"> capacitaciones<\/a> y talleres, exhibiciones y adem\u00e1s el Certamen Regional entre Fronteras y el Certamen Universitario de Fronteras.<\/p>\n\n\n\n<p>Basilicia ten\u00eda como \u00fanico objetivo pol\u00edtico, visibilizar la historia de la masacre de Ober\u00e1 y el rol de la mujer de esa \u00e9poca por lo que no particip\u00f3 en ninguno de los dos <a href=\"http:\/\/www.opyguadigital.com.ar\/lab\/?p=2778\" target=\"_blank\" rel=\"noreferrer noopener\">cert\u00e1menes <\/a>del evento.\u00a0<\/p>\n\n\n\n<p>La historia de Basilicia est\u00e1 ligada a la historia misma de Ober\u00e1, un 15 de marzo de 1936, colonos provenientes de Samambaya, Los Helechos, Ameghino, Guaran\u00ed y Campo Viera marcharon hasta el centro de Ober\u00e1. Al llegar al cementerio viejo frente al galp\u00f3n de uno de los principales representantes de la Compa\u00f1\u00eda Cuarenta y Tres de tabaco, los manifestantes fueron recibidos a balazos por la polic\u00eda, al mando por entonces del Comisario Leandro Ber\u00f3n, y tambi\u00e9n por comerciantes del lugar, provocando que se desatara un enfrentamiento inusual que termin\u00f3 con gran cantidad de trabajadores presos, heridos de gravedad, y otros muertos. Entre ellos, una ni\u00f1a de apenas 14 a\u00f1os de edad: Basilicia Savinski.&nbsp;<\/p>\n\n\n\n<p>La pel\u00edcula recibe el nombre de la ni\u00f1a Basilicia Savinski, donde tanto Gast\u00f3n Gularte y Gustavo Adolfo Carbonell, focalizaron la lucha bajo el lema: \u201ccuando la historia la escriben los que luchan\u201d.&nbsp;<\/p>\n\n\n\n<p>Gularte describi\u00f3 el proceso de elaboraci\u00f3n de la pel\u00edcula como un proceso de trabajo intenso. El gui\u00f3n les llev\u00f3 un a\u00f1o hacer y la producci\u00f3n entre cinco a siete a\u00f1os. Gast\u00f3n destac\u00f3 que es fundamental tener persistencia y pasi\u00f3n porque para emprender un proyecto de tal magnitud es necesario estar muy convencido ya que: \u201csino lo dejas a la mitad porque la mitad son dificultades entonces tenes que estar convencido\u00bb.&nbsp;<\/p>\n\n\n\n<p><em>-\u00bfC\u00f3mo manejas la frustraci\u00f3n ante estas dificultades?<\/em><\/p>\n\n\n\n<p>\u201cYo soy muy autoexigente as\u00ed que la frustraci\u00f3n es mi compa\u00f1era\u00bb<\/p>\n\n\n\n<p>Para Gularte un documental siempre es una representaci\u00f3n de la realidad y tenemos que interpretarla y entenderla lo mejor que podamos para que la interpretaci\u00f3n salga lo m\u00e1s genuina posible a la realidad&nbsp;<\/p>\n\n\n\n<figure class=\"wp-block-audio\"><audio controls src=\"http:\/\/www.opyguadigital.com.ar\/lab\/wp-content\/uploads\/2023\/11\/PODCAST.mp3\"><\/audio><\/figure>\n\n\n\n<p>La pel\u00edcula se film\u00f3 en Ober\u00e1 y alrededores. Natalia Borges interpret\u00f3 a Basilicia, y Karin Scholler a su mam\u00e1, adem\u00e1s de artistas concentrados en el grupo de teatro comunitario de la Murga del Monte.&nbsp;<\/p>\n\n\n\n<p>El estreno de Basilicia en Ober\u00e1 fue un evento multitudinario. La sala del <a href=\"http:\/\/www.opyguadigital.com.ar\/lab\/?p=2789\" target=\"_blank\" rel=\"noreferrer noopener\">Cine\u00a0Teatro<\/a> sobrepas\u00f3 su capacidad. Parte del p\u00fablico mir\u00f3 toda la pel\u00edcula de pie debido a la falta de asientos para la cantidad de personas en la sala: \u201cTen\u00edamos un p\u00fablico intersectorial e intergeneracional porque hab\u00eda j\u00f3venes y hab\u00eda gente de 80\/70 a\u00f1os, hab\u00eda gente de ciudad y hab\u00eda gente del sector agrario\u2026Para la cantidad de gente no alcanz\u00f3 la sala, y nosotros sab\u00edamos que iba a pasar eso y previmos dos funciones\u00bb<\/p>\n\n\n\n<p>Basilicia recibi\u00f3 cr\u00edticas positivas por parte de la prensa. El diario El Territorio la calific\u00f3 como \u00abuna pel\u00edcula emotiva y conmovedora que rescata un importante cap\u00edtulo de la historia de Ober\u00e1\u00bb.&nbsp;<\/p>\n\n\n\n<p class=\"has-text-align-right\">Chiara Ionescu- Elaboraci\u00f3n del m\u00f3dulo completo.<\/p>\n","protected":false},"excerpt":{"rendered":"<p>Gast\u00f3n Gularte junto a Gustavo Carbonell son los directores del largometraje misionero Basilicia que se estren\u00f3 el mi\u00e9rcoles 11 de octubre en el Cine Teatro de Ober\u00e1. Acerca de Gast\u00f3n Gularte:&nbsp; \u201cEn principio hay que definir c\u00f3mo es uno y despu\u00e9s como es uno en la profesi\u00f3n\u201d&nbsp; Gast\u00f3n Gularte naci\u00f3 en la d\u00e9cada del \u201860. [&hellip;]<\/p>\n","protected":false},"author":4,"featured_media":0,"comment_status":"open","ping_status":"open","sticky":false,"template":"","format":"standard","meta":{"footnotes":""},"categories":[280,274,68,273,275],"tags":[13,37,276],"class_list":["post-2932","post","type-post","status-publish","format-standard","hentry","category-basilicia","category-cine","category-cultura","category-obera","category-obera-en-cortos","tag-cultura","tag-misiones","tag-obera-en-cortos"],"_links":{"self":[{"href":"http:\/\/www.opyguadigital.com.ar\/lab\/wp-json\/wp\/v2\/posts\/2932","targetHints":{"allow":["GET"]}}],"collection":[{"href":"http:\/\/www.opyguadigital.com.ar\/lab\/wp-json\/wp\/v2\/posts"}],"about":[{"href":"http:\/\/www.opyguadigital.com.ar\/lab\/wp-json\/wp\/v2\/types\/post"}],"author":[{"embeddable":true,"href":"http:\/\/www.opyguadigital.com.ar\/lab\/wp-json\/wp\/v2\/users\/4"}],"replies":[{"embeddable":true,"href":"http:\/\/www.opyguadigital.com.ar\/lab\/wp-json\/wp\/v2\/comments?post=2932"}],"version-history":[{"count":1,"href":"http:\/\/www.opyguadigital.com.ar\/lab\/wp-json\/wp\/v2\/posts\/2932\/revisions"}],"predecessor-version":[{"id":2974,"href":"http:\/\/www.opyguadigital.com.ar\/lab\/wp-json\/wp\/v2\/posts\/2932\/revisions\/2974"}],"wp:attachment":[{"href":"http:\/\/www.opyguadigital.com.ar\/lab\/wp-json\/wp\/v2\/media?parent=2932"}],"wp:term":[{"taxonomy":"category","embeddable":true,"href":"http:\/\/www.opyguadigital.com.ar\/lab\/wp-json\/wp\/v2\/categories?post=2932"},{"taxonomy":"post_tag","embeddable":true,"href":"http:\/\/www.opyguadigital.com.ar\/lab\/wp-json\/wp\/v2\/tags?post=2932"}],"curies":[{"name":"wp","href":"https:\/\/api.w.org\/{rel}","templated":true}]}}