{"id":404,"date":"2022-11-03T15:44:39","date_gmt":"2022-11-03T15:44:39","guid":{"rendered":"http:\/\/www.opyguadigital.com.ar\/lab\/?p=404"},"modified":"2022-11-29T19:52:37","modified_gmt":"2022-11-29T19:52:37","slug":"el-mte-revindico-la-lucha-por-el-reconocimiento-y-la-formalizacion-laboral","status":"publish","type":"post","link":"http:\/\/www.opyguadigital.com.ar\/lab\/2022\/11\/03\/el-mte-revindico-la-lucha-por-el-reconocimiento-y-la-formalizacion-laboral\/","title":{"rendered":"El MTE revindic\u00f3 la lucha por el reconocimiento y la formalizaci\u00f3n laboral"},"content":{"rendered":"\n<h2 class=\"has-large-font-size wp-block-heading\"><strong>Luego de una reuni\u00f3n, los integrantes&nbsp;del Movimiento de Trabajadores Excluidos plantearon ciertas medidas de disputa&nbsp;para mejorar su funci\u00f3n en Posadas. El objetivo principal, como derecho, es contar con el galp\u00f3n, tener seguro de vida y que su trabajo sea legalizado.<\/strong><\/h2>\n\n\n\n<p class=\"has-medium-font-size\">Los cartoneros realizan sus funciones en condiciones precarias y sin derechos con los quehaceres de como tener un salario b\u00e1sico o estar cubiertos por Aseguradoras de Riesgos del Trabajo (ART). La rama cartonera <strong><a rel=\"noreferrer noopener\" href=\"http:\/\/www.opyguadigital.com.ar\/lab\/2022\/11\/03\/recuperadores-urbanos-en-busca-de-reconocimiento-inclusion-y-derechos-sociolaborales\/\" target=\"_blank\">reclama la integraci\u00f3n a la formalizaci\u00f3n de sus actividades<\/a> <\/strong>&nbsp;para mejorar la calidad de vida.<\/p>\n\n\n\n<p class=\"has-medium-font-size\">Se logr\u00f3 el objetivo del espacio&nbsp; mediante un convenio con la Municipalidad. Si bien el \u00e9xito del <a rel=\"noreferrer noopener\" href=\"http:\/\/www.opyguadigital.com.ar\/lab\/2022\/11\/03\/cartoneros-reclaman-a-la-municipalidad-el-centro-de-acopio\/\" target=\"_blank\"><strong>centro de acopio<\/strong><\/a> como meta principal&nbsp;es trabajar mejor y con un  crecimiento m\u00e1s productivo del  <strong>reciclaje<\/strong>, ya que anteriormente no ten\u00edan un techo para cubrir los productos a vender, tantos cartones que  se arruinan por la humedad como otros materiales inusables, como botellas y dem\u00e1s objetos. El sitio&nbsp;se encuentra en restauraci\u00f3n, mientras&nbsp; contin\u00faan  las negociaciones para determinar &nbsp;el acuerdo del trabajo.<\/p>\n\n\n\n<p class=\"has-medium-font-size\"><strong>V\u00edctor Antonio<\/strong>, militante del movimiento,&nbsp;en di\u00e1logo con Opygua Digital,&nbsp;considero que obtener el centro de acopio es una <strong>reivindicaci\u00f3n y dignificaci\u00f3n del trabajo<\/strong>.<\/p>\n\n\n\n<p class=\"has-medium-font-size\"><strong>Antonio<\/strong> conto <em>\u201cel trabajo cartonero es muy sacrificado<\/em>\u201d. Agreg\u00f3 <em>\u201csufren distintas problem\u00e1ticas, son excluidos de la econom\u00eda formal y subsisten con el d\u00eda a d\u00eda\u201d.<\/em><\/p>\n\n\n\n<iframe loading=\"lazy\" scrolling=\"no\" allow=\"autoplay\" src=\"https:\/\/w.soundcloud.com\/player\/?url=https%3A\/\/api.soundcloud.com\/tracks\/1378458580&amp;color=%2300ff2f&amp;auto_play=false&amp;hide_related=false&amp;show_comments=true&amp;show_user=true&amp;show_reposts=false&amp;show_teaser=true\" width=\"100%\" height=\"166\" frameborder=\"no\"><\/iframe><div style=\"font-size: 10px; color: #cccccc;line-break: anywhere;word-break: normal;overflow: hidden;white-space: nowrap;text-overflow: ellipsis; font-family: Interstate,Lucida Grande,Lucida Sans Unicode,Lucida Sans,Garuda,Verdana,Tahoma,sans-serif;font-weight: 100;\"><a href=\"https:\/\/soundcloud.com\/user-839916024\" title=\"Orlando Miguel Gnass\" target=\"_blank\" style=\"color: #cccccc; text-decoration: none;\" rel=\"noopener\">Orlando Miguel Gnass<\/a> \u00b7 <a href=\"https:\/\/soundcloud.com\/user-839916024\/entrevista-a-victor-antonio-militante-del-mte\" title=\"Entrevista A: V\u00edctor Antonio, militante del MTE\" target=\"_blank\" style=\"color: #cccccc; text-decoration: none;\" rel=\"noopener\">Entrevista A: V\u00edctor Antonio, militante del MTE<\/a><\/div>\n\n\n\n<p class=\"has-medium-font-size\">En horas de la tarde del&nbsp;s\u00e1bado ocho de octubre se realiz\u00f3 un encuentro del grupo <strong>trabajadores urbanos<\/strong> que pertenecen al <strong>MTE<\/strong> y luchan por tener una ocupaci\u00f3n formal en la ciudad de Posadas. El predio conseguido por dicho convenio est\u00e1&nbsp;ubicado en Buchardo y Herrera&nbsp;de la capital misionera.<\/p>\n\n\n\n<p class=\"has-medium-font-size\">Los integrantes del movimiento&nbsp;est\u00e1n nucleados dentro de la UTEP (Uni\u00f3n de Trabajadores &nbsp;de la Econom\u00eda Popular) en conjunto con otras organizaciones sociales. Unos de los objetivos logrados fue la conquista del Salario Social Complementario, lo que se conoce como Potenciar Trabajo.<\/p>\n\n\n\n<p class=\"has-medium-font-size\">Debido a\u00a0consideraciones de <a href=\"http:\/\/www.opyguadigital.com.ar\/lab\/2022\/11\/03\/cartonear-para-subsistir-como-enfrentan-la-crisis-ambiental\/\" target=\"_blank\" rel=\"noreferrer noopener\">tareas actuales<\/a> que los recicladores<strong> <\/strong>hacen<strong>;<\/strong> en la reuni\u00f3n, la coordinadora de la rama de cartoneros, <strong>Pilar\u00a0Cifuente<\/strong> habl\u00f3 sobre la importancia de las personas excluidas en cuanto a sus trabajos  dentro del MTE y dijo <em>\u201ccada uno est\u00e1 juntando los materiales reciclables por su lado, muchos van y llevan en la jornada a vender\u00bb <\/em>y agreg\u00f3<em> <\/em>\u00ab<em>otros guardan unos par de d\u00edas, como unas dos semanas\u201d.<\/em> Adem\u00e1s de eso, <em>\u201chay que reunirse y juntarse para luchar y \u00a0garantizar nuestros derechos\u00bb<\/em>,\u00a0sostuvo Cifuente.<\/p>\n\n\n\n<p><\/p>\n\n\n\n<p class=\"has-medium-font-size\"><\/p>\n\n\n\n<p class=\"has-medium-font-size\"><em>Redacci\u00f3n del modulo &#8211; Gnass, Orlando<\/em> <\/p>\n\n\n\n<p><em>Entrevista en conjunto &#8211; Gnass Orlando y  Suarez Estibaletti, Mirta Mar\u00eda In\u00e9s.<\/em><\/p>\n\n\n\n<p><em>Edici\u00f3n<\/em> de entrevista y foto &#8211; <em>Suarez Estibaletti, Mirta <em>Mar\u00eda In\u00e9s<\/em><\/em>.<\/p>\n\n\n\n<p class=\"has-medium-font-size\"><\/p>\n","protected":false},"excerpt":{"rendered":"<p>Foto: Reuni\u00f3n de la rama cartonera del MTE sobre la lucha por los derechos sociolaborales. <\/p>\n","protected":false},"author":11,"featured_media":1752,"comment_status":"open","ping_status":"open","sticky":false,"template":"","format":"standard","meta":{"footnotes":""},"categories":[111],"tags":[58,110,114,112,113],"class_list":["post-404","post","type-post","status-publish","format-standard","has-post-thumbnail","hentry","category-sociedad","tag-centro-de-acopio","tag-derechos-sociolaborales","tag-formalizacion-laboral","tag-movilizacion-cartonera","tag-reconocimiento-social"],"_links":{"self":[{"href":"http:\/\/www.opyguadigital.com.ar\/lab\/wp-json\/wp\/v2\/posts\/404","targetHints":{"allow":["GET"]}}],"collection":[{"href":"http:\/\/www.opyguadigital.com.ar\/lab\/wp-json\/wp\/v2\/posts"}],"about":[{"href":"http:\/\/www.opyguadigital.com.ar\/lab\/wp-json\/wp\/v2\/types\/post"}],"author":[{"embeddable":true,"href":"http:\/\/www.opyguadigital.com.ar\/lab\/wp-json\/wp\/v2\/users\/11"}],"replies":[{"embeddable":true,"href":"http:\/\/www.opyguadigital.com.ar\/lab\/wp-json\/wp\/v2\/comments?post=404"}],"version-history":[{"count":139,"href":"http:\/\/www.opyguadigital.com.ar\/lab\/wp-json\/wp\/v2\/posts\/404\/revisions"}],"predecessor-version":[{"id":1906,"href":"http:\/\/www.opyguadigital.com.ar\/lab\/wp-json\/wp\/v2\/posts\/404\/revisions\/1906"}],"wp:featuredmedia":[{"embeddable":true,"href":"http:\/\/www.opyguadigital.com.ar\/lab\/wp-json\/wp\/v2\/media\/1752"}],"wp:attachment":[{"href":"http:\/\/www.opyguadigital.com.ar\/lab\/wp-json\/wp\/v2\/media?parent=404"}],"wp:term":[{"taxonomy":"category","embeddable":true,"href":"http:\/\/www.opyguadigital.com.ar\/lab\/wp-json\/wp\/v2\/categories?post=404"},{"taxonomy":"post_tag","embeddable":true,"href":"http:\/\/www.opyguadigital.com.ar\/lab\/wp-json\/wp\/v2\/tags?post=404"}],"curies":[{"name":"wp","href":"https:\/\/api.w.org\/{rel}","templated":true}]}}