{"id":563,"date":"2022-11-08T17:06:09","date_gmt":"2022-11-08T17:06:09","guid":{"rendered":"http:\/\/www.opyguadigital.com.ar\/lab\/?p=563"},"modified":"2022-11-19T00:19:22","modified_gmt":"2022-11-19T00:19:22","slug":"acoso-sexual-asesor-estudiantil-en-el-ojo-de-la-justicia","status":"publish","type":"post","link":"http:\/\/www.opyguadigital.com.ar\/lab\/2022\/11\/08\/acoso-sexual-asesor-estudiantil-en-el-ojo-de-la-justicia\/","title":{"rendered":"Acoso sexual: asesor estudiantil en el ojo de la justicia"},"content":{"rendered":"\n<p><em>Luego de una denuncia, detuvieron a Brandon C., asesor estudiantil de una escuela t\u00e9cnica de la ciudad de Posadas por acoso sexual a trav\u00e9s de redes sociales a menores de edad, divulgaci\u00f3n y promoci\u00f3n de pornograf\u00eda infantil<\/em>. <\/p>\n\n\n\n<figure class=\"wp-block-image size-large\"><img loading=\"lazy\" decoding=\"async\" width=\"1024\" height=\"768\" src=\"http:\/\/www.opyguadigital.com.ar\/lab\/wp-content\/uploads\/2022\/11\/WhatsApp-Image-2022-10-28-at-18.25.16-1024x768.jpeg\" alt=\"\" class=\"wp-image-564\" srcset=\"http:\/\/www.opyguadigital.com.ar\/lab\/wp-content\/uploads\/2022\/11\/WhatsApp-Image-2022-10-28-at-18.25.16-1024x768.jpeg 1024w, http:\/\/www.opyguadigital.com.ar\/lab\/wp-content\/uploads\/2022\/11\/WhatsApp-Image-2022-10-28-at-18.25.16-300x225.jpeg 300w, http:\/\/www.opyguadigital.com.ar\/lab\/wp-content\/uploads\/2022\/11\/WhatsApp-Image-2022-10-28-at-18.25.16-768x576.jpeg 768w, http:\/\/www.opyguadigital.com.ar\/lab\/wp-content\/uploads\/2022\/11\/WhatsApp-Image-2022-10-28-at-18.25.16-1536x1152.jpeg 1536w, http:\/\/www.opyguadigital.com.ar\/lab\/wp-content\/uploads\/2022\/11\/WhatsApp-Image-2022-10-28-at-18.25.16.jpeg 1600w\" sizes=\"auto, (max-width: 1024px) 100vw, 1024px\" \/><figcaption class=\"wp-element-caption\"><em>Juzgado de instrucci\u00f3n 6, oficina que lleva el caso.<\/em><\/figcaption><\/figure>\n\n\n\n<p>El viernes 23 de septiembre arrestaron a Brandon C., asesor de APES (Asociaci\u00f3n Posade\u00f1a de Estudiantes Secundarios)  acusado de grooming, esto quiere decir, por acosar mediante plataformas digitales a adolescentes, un caso ocurri\u00f3 con un estudiante de una escuela t\u00e9cnica en la cual trabajaba. <\/p>\n\n\n\n<p class=\"has-background\" style=\"background-color:#f78da800\">La denuncia se realiz\u00f3 cuando una docente, luego de varios indicios, se contact\u00f3 con la v\u00edctima y la motiv\u00f3 a informar a la instituci\u00f3n, que realiz\u00f3 la denuncia y se comunic\u00f3 con los padres del menor, sum\u00e1ndolos al proceso judicial. En consecuencia, se ejecut\u00f3 un operativo policial a cargo de la Comisar\u00eda S\u00e9ptima de la Unidad Regional I de Posadas, que adem\u00e1s de confinar al hombre tambi\u00e9n le incaut\u00f3 aparatos tecnol\u00f3gicos personales y 64 gramos de marihuana. En primera instancia luego de su detenci\u00f3n, el profesional de las ciencias econ\u00f3micas se hab\u00eda negado a dar declaraciones.<\/p>\n\n\n\n<p>El juez de Instrucci\u00f3n 6, Ricardo Balor, orden\u00f3 la permanencia del contador de 36 a\u00f1os en prisi\u00f3n preventiva. Previamente se hab\u00eda rechazado la excarcelaci\u00f3n del detenido, ya que consideraban que podr\u00eda entorpecer las investigaciones y tambi\u00e9n para evitar riesgos de fuga.<\/p>\n\n\n\n<p>Luego de las primeras pericias realizadas por la Direcci\u00f3n de Cibercrimen, hallaron movimientos de dinero a trav\u00e9s de la plataforma de Mercado Pago dirigidas a cuentas de varios menores de edad que, se presume, enviaron el contenido digital que \u00e9ste les solicitaba. Hasta ahora, son 4 las v\u00edctimas que  identificaron, todas de entre 15 y 18 a\u00f1os.<\/p>\n\n\n\n<figure class=\"wp-block-embed is-type-video is-provider-youtube wp-block-embed-youtube wp-embed-aspect-4-3 wp-has-aspect-ratio\"><div class=\"wp-block-embed__wrapper\">\n<iframe loading=\"lazy\" title=\"\u00bfQu\u00e9 es el grooming?\" width=\"640\" height=\"480\" src=\"https:\/\/www.youtube.com\/embed\/3BdIsKvzOXo?feature=oembed\" frameborder=\"0\" allow=\"accelerometer; autoplay; clipboard-write; encrypted-media; gyroscope; picture-in-picture; web-share\" referrerpolicy=\"strict-origin-when-cross-origin\" allowfullscreen><\/iframe>\n<\/div><\/figure>\n\n\n\n<p>En nuestro pa\u00eds el <a rel=\"noreferrer noopener\" href=\"http:\/\/www.opyguadigital.com.ar\/lab\/2022\/11\/08\/grooming-y-el-peligro-que-representa-para-los-menores-de-edad\/\" data-type=\"URL\" target=\"_blank\"><strong>groomi<\/strong><\/a><strong><a rel=\"noreferrer noopener\" href=\"http:\/\/grooming-y-el-peligro-que-representa-para-los-menores-de-edad\" data-type=\"URL\" data-id=\"grooming-y-el-peligro-que-representa-para-los-menores-de-edad\" target=\"_blank\">n<\/a><\/strong><a href=\"http:\/\/grooming-y-el-peligro-que-representa-para-los-menores-de-edad\" data-type=\"URL\" data-id=\"grooming-y-el-peligro-que-representa-para-los-menores-de-edad\"><strong>g<\/strong><\/a> est\u00e1 penado por la Ley N\u00b0 26.904, incluido en el c\u00f3digo penal y tratado dentro del programa nacional de prevenci\u00f3n y concientizaci\u00f3n que establece la <strong><em><a rel=\"noreferrer noopener\" href=\"http:\/\/www.opyguadigital.com.ar\/lab\/2022\/11\/08\/ley-mica-ortega-y-la-lucha-contra-el-groomingnbsp\/\" target=\"_blank\">Ley N\u00b027.590 \u201cMica Ortega\u201d<\/a>.<\/em> <\/strong><\/p>\n\n\n\n<div style=\"width: 100%;\"><div style=\"position: relative; padding-bottom: 56.25%; padding-top: 0; height: 0;\"><iframe loading=\"lazy\" title=\"Fases del grooming\" frameborder=\"0\" width=\"1200\" height=\"675\" style=\"position: absolute; top: 0; left: 0; width: 100%; height: 100%;\" src=\"https:\/\/view.genial.ly\/636939945127b10012c22cda\" type=\"text\/html\" allowscriptaccess=\"always\" allowfullscreen=\"true\" scrolling=\"yes\" allownetworking=\"all\"><\/iframe> <\/div> <\/div>\n\n\n\n<p class=\"has-text-align-left has-background\" style=\"background-color:#f78da800\">En una entrevista, la<strong> <a rel=\"noreferrer noopener\" href=\"http:\/\/www.opyguadigital.com.ar\/lab\/2022\/11\/08\/silvana-aquino-y-el-grooming-en-misiones-esto-vino-para-quedarse\/\" target=\"_blank\">abogada y especialista en cibercrimen Silvana Aquino<\/a><\/strong> opina que <em>\u00ablos casos subieron un 300% en pandemia\u00bb<\/em> y debemos aprender a formar parte de la cultura digital. <\/p>\n\n\n\n<figure class=\"wp-block-embed is-type-rich is-provider-soundcloud wp-block-embed-soundcloud\"><div class=\"wp-block-embed__wrapper\">\n<iframe loading=\"lazy\" title=\"Silvana Aquino y la lucha contra el grooming by Nuria Dos Santos\" width=\"640\" height=\"400\" scrolling=\"no\" frameborder=\"no\" src=\"https:\/\/w.soundcloud.com\/player\/?visual=true&#038;url=https%3A%2F%2Fapi.soundcloud.com%2Ftracks%2F1385152426&#038;show_artwork=true&#038;maxheight=960&#038;maxwidth=640\"><\/iframe>\n<\/div><\/figure>\n\n\n\n<p class=\"has-small-font-size\">Escrito por: <strong>Bel\u00e9n Gallardo, Dos Santos Nuria, Araceli \u00c1lvarez, Ivanna Rodr\u00edguez<\/strong> <\/p>\n\n\n\n<p class=\"has-small-font-size\">Imagen destacada: <strong>\u00c1lvarez Araceli<\/strong><\/p>\n\n\n\n<p class=\"has-small-font-size\">Foto del juzgado: <strong>Ivanna Rodr\u00edguez <\/strong><\/p>\n\n\n\n<p class=\"has-small-font-size\">Podcast: <strong>Dos Santos Nuria<\/strong><\/p>\n\n\n\n<p class=\"has-small-font-size\">Infograf\u00eda: <strong>Ivanna Rodr\u00edguez  <\/strong><\/p>\n\n\n\n<p class=\"has-small-font-size\">Video: <strong>Nuria Dos Santos<\/strong><\/p>\n\n\n\n<p class=\"has-text-align-center\"><\/p>\n\n\n\n<p><\/p>\n","protected":false},"excerpt":{"rendered":"<p>Luego de una denuncia, detuvieron a Brandon C., asesor estudiantil de una escuela t\u00e9cnica de la ciudad de Posadas por acoso sexual a trav\u00e9s de redes sociales a menores de edad, divulgaci\u00f3n y promoci\u00f3n de pornograf\u00eda infantil. El viernes 23 de septiembre arrestaron a Brandon C., asesor de APES (Asociaci\u00f3n Posade\u00f1a de Estudiantes Secundarios) acusado [&hellip;]<\/p>\n","protected":false},"author":5,"featured_media":1273,"comment_status":"open","ping_status":"open","sticky":false,"template":"","format":"standard","meta":{"footnotes":""},"categories":[3],"tags":[145,144,131,130,132],"class_list":["post-563","post","type-post","status-publish","format-standard","has-post-thumbnail","hentry","category-destacar","tag-acoso","tag-adolescentes","tag-delitosciberneticos","tag-grooming","tag-policiales"],"_links":{"self":[{"href":"http:\/\/www.opyguadigital.com.ar\/lab\/wp-json\/wp\/v2\/posts\/563","targetHints":{"allow":["GET"]}}],"collection":[{"href":"http:\/\/www.opyguadigital.com.ar\/lab\/wp-json\/wp\/v2\/posts"}],"about":[{"href":"http:\/\/www.opyguadigital.com.ar\/lab\/wp-json\/wp\/v2\/types\/post"}],"author":[{"embeddable":true,"href":"http:\/\/www.opyguadigital.com.ar\/lab\/wp-json\/wp\/v2\/users\/5"}],"replies":[{"embeddable":true,"href":"http:\/\/www.opyguadigital.com.ar\/lab\/wp-json\/wp\/v2\/comments?post=563"}],"version-history":[{"count":32,"href":"http:\/\/www.opyguadigital.com.ar\/lab\/wp-json\/wp\/v2\/posts\/563\/revisions"}],"predecessor-version":[{"id":1776,"href":"http:\/\/www.opyguadigital.com.ar\/lab\/wp-json\/wp\/v2\/posts\/563\/revisions\/1776"}],"wp:featuredmedia":[{"embeddable":true,"href":"http:\/\/www.opyguadigital.com.ar\/lab\/wp-json\/wp\/v2\/media\/1273"}],"wp:attachment":[{"href":"http:\/\/www.opyguadigital.com.ar\/lab\/wp-json\/wp\/v2\/media?parent=563"}],"wp:term":[{"taxonomy":"category","embeddable":true,"href":"http:\/\/www.opyguadigital.com.ar\/lab\/wp-json\/wp\/v2\/categories?post=563"},{"taxonomy":"post_tag","embeddable":true,"href":"http:\/\/www.opyguadigital.com.ar\/lab\/wp-json\/wp\/v2\/tags?post=563"}],"curies":[{"name":"wp","href":"https:\/\/api.w.org\/{rel}","templated":true}]}}