{"id":897,"date":"2022-11-06T18:58:46","date_gmt":"2022-11-06T18:58:46","guid":{"rendered":"http:\/\/www.opyguadigital.com.ar\/lab\/?p=897"},"modified":"2022-11-06T18:58:46","modified_gmt":"2022-11-06T18:58:46","slug":"trabajo-informal-placa-de-cuantos-trabajadores-no-registrados-hay-en-la-argentina","status":"publish","type":"post","link":"http:\/\/www.opyguadigital.com.ar\/lab\/2022\/11\/06\/trabajo-informal-placa-de-cuantos-trabajadores-no-registrados-hay-en-la-argentina\/","title":{"rendered":"Trabajo informal: placa de cuantos trabajadores no registrados hay en la Argentina"},"content":{"rendered":"\n<p><strong>Tras la pandemia, con la actividad m\u00e1s normalizada, se produjo una recuperaci\u00f3n de la mano del trabajo m\u00e1s precario y sin derechos.<\/strong><\/p>\n\n\n\n<figure class=\"wp-block-image size-full\"><img loading=\"lazy\" decoding=\"async\" width=\"469\" height=\"308\" src=\"http:\/\/www.opyguadigital.com.ar\/lab\/wp-content\/uploads\/2022\/11\/image.png\" alt=\"\" class=\"wp-image-901\" srcset=\"http:\/\/www.opyguadigital.com.ar\/lab\/wp-content\/uploads\/2022\/11\/image.png 469w, http:\/\/www.opyguadigital.com.ar\/lab\/wp-content\/uploads\/2022\/11\/image-300x197.png 300w\" sizes=\"auto, (max-width: 469px) 100vw, 469px\" \/><figcaption class=\"wp-element-caption\"><strong>El 35,9% de los asalariados trabaja \u201csin descuento jubilatorio\u201d.<\/strong><br><strong>\u00a0<\/strong><\/figcaption><\/figure>\n\n\n\n<p>Con el 43,3% en el primer trimestre de este a\u00f1o,\u00a0la poblaci\u00f3n ocupada en relaci\u00f3n a la poblaci\u00f3n total (la tasa de empleo)\u00a0super\u00f3 los niveles anteriores\u00a0a la\u00a0pandemia\u00a0y a la\u2002cuarentena,\u00a0y alcanz\u00f3 niveles r\u00e9cord.<br><br>Pero tambi\u00e9n en ese cuadro,\u00a0escal\u00f3 el empleo no registrado: el 35,9% de los asalariados trabaja\u00a0\u201csin descuento jubilatorio\u201d, superando el 35% del primer trimestre de 2019, de acuerdo a los datos del\u00a0INDEC\u00a0difundidos el jueves.<br><br>Si esos \u00edndices de los 31 Aglomerados de la EPH (Encuesta Permanente de Hogares)\u00a0se proyectan a todo el pa\u00eds surgir\u00eda que los ocupados suman 20,4 millones: los registrados -como asalariados, monotributistas, personal de casas particulares y aut\u00f3nomos- son 12,5 millones, con lo cual habr\u00eda\u00a07,9 millones no registrados. Y 1,5 millones de desocupados.<\/p>\n\n\n\n<figure class=\"wp-block-image size-full\"><img loading=\"lazy\" decoding=\"async\" width=\"398\" height=\"245\" src=\"http:\/\/www.opyguadigital.com.ar\/lab\/wp-content\/uploads\/2022\/11\/image-1.png\" alt=\"\" class=\"wp-image-902\" srcset=\"http:\/\/www.opyguadigital.com.ar\/lab\/wp-content\/uploads\/2022\/11\/image-1.png 398w, http:\/\/www.opyguadigital.com.ar\/lab\/wp-content\/uploads\/2022\/11\/image-1-300x185.png 300w\" sizes=\"auto, (max-width: 398px) 100vw, 398px\" \/><figcaption class=\"wp-element-caption\"><strong>De los casi 8 millones de\u00a0empleos informales, 5 millones son asalariados<\/strong>\u00a0(en su totalidad del sector privado) y casi 3 millones trabajadores y profesionales por cuenta propia.<\/figcaption><\/figure>\n\n\n\n<p>Del Informe del INDEC,<a href=\"https:\/\/www.clarin.com\/economia\/7-desempleo-hablo-cristina-adentro-3-2-millones-empleos-informales-precarios_0_zBMQfZfNnd.html\">\u2002<\/a><a href=\"https:\/\/www.clarin.com\/economia\/indec-informo-caida-desocupacion-registro-desaceleracion-economia-primer-trimestre-2022_0_vX7YjvDwY1.html\">surge que el descenso del desempleo (del 10,2 al 7%) de los \u00faltimos 12 meses<\/a>\u00a0y el aumento del empleo marcan que se superaron los \u00edndices negativos de la pandemia y cuarentena, y\u00a0<strong>que en mayor medida afectaron a los sectores informales<\/strong>, tanto asalariados como cuentapropistas.<\/p>\n\n\n\n<figure class=\"wp-block-image size-large\"><img decoding=\"async\" src=\"https:\/\/drive.google.com\/file\/d\/1Ms4s2IewwYMB-XyBFepHyvWqzv7MscYD\/view?usp=share_link\" alt=\"\"\/><figcaption class=\"wp-element-caption\">Hay que recordar que\u00a0<strong>el empleo asalariado estuvo m\u00e1s protegido por la prohibici\u00f3n de los despidos y la \u00abdoble indemnizaci\u00f3n\u00bb<\/strong>, mientras buena parte de los\u00a0<strong>no registrados no pudieron realizar ninguna actividad<\/strong>\u00a0y parcialmente fueron asistidos por el IFE (Ingreso Familiar de Emergencia)<\/figcaption><\/figure>\n\n\n\n<p>Con la actividad m\u00e1s normalizada lo que se produjo<strong>&nbsp;fue una \u201crecuperaci\u00f3n\u201d del trabajo informal, m\u00e1s precario,&nbsp;<\/strong>sin los derechos de la Seguridad. Es as\u00ed que&nbsp;<strong>poco m\u00e1s del 80% del mayor empleo en los \u00faltimos 12 meses corresponde al sector informal<\/strong>.<\/p>\n\n\n\n<p>Tomando en cuenta la poblaci\u00f3n urbana, y con datos del IV Trimestre de 2021, el INDEC inform\u00f3 que\u00a0<strong>cuatro de cada 10 asalariados del sector privado no est\u00e1 registrado<\/strong>. Son casi 5 millones (41,4%) sobre un total de 12.030.000 registrados.<\/p>\n\n\n\n<figure class=\"wp-block-embed\"><div class=\"wp-block-embed__wrapper\">\nhttps:\/\/drive.google.com\/file\/d\/1KlTuC5hIvu_9cly6ZrReUP3Ux7wRDiQT\/view?usp=share_link\n<\/div><\/figure>\n","protected":false},"excerpt":{"rendered":"<p>Tras la pandemia, con la actividad m\u00e1s normalizada, se produjo una recuperaci\u00f3n de la mano del trabajo m\u00e1s precario y sin derechos. Con el 43,3% en el primer trimestre de este a\u00f1o,\u00a0la poblaci\u00f3n ocupada en relaci\u00f3n a la poblaci\u00f3n total (la tasa de empleo)\u00a0super\u00f3 los niveles anteriores\u00a0a la\u00a0pandemia\u00a0y a la\u2002cuarentena,\u00a0y alcanz\u00f3 niveles r\u00e9cord. Pero tambi\u00e9n [&hellip;]<\/p>\n","protected":false},"author":15,"featured_media":0,"comment_status":"open","ping_status":"open","sticky":false,"template":"","format":"standard","meta":{"footnotes":""},"categories":[1],"tags":[],"class_list":["post-897","post","type-post","status-publish","format-standard","hentry","category-sin-categoria"],"_links":{"self":[{"href":"http:\/\/www.opyguadigital.com.ar\/lab\/wp-json\/wp\/v2\/posts\/897","targetHints":{"allow":["GET"]}}],"collection":[{"href":"http:\/\/www.opyguadigital.com.ar\/lab\/wp-json\/wp\/v2\/posts"}],"about":[{"href":"http:\/\/www.opyguadigital.com.ar\/lab\/wp-json\/wp\/v2\/types\/post"}],"author":[{"embeddable":true,"href":"http:\/\/www.opyguadigital.com.ar\/lab\/wp-json\/wp\/v2\/users\/15"}],"replies":[{"embeddable":true,"href":"http:\/\/www.opyguadigital.com.ar\/lab\/wp-json\/wp\/v2\/comments?post=897"}],"version-history":[{"count":2,"href":"http:\/\/www.opyguadigital.com.ar\/lab\/wp-json\/wp\/v2\/posts\/897\/revisions"}],"predecessor-version":[{"id":903,"href":"http:\/\/www.opyguadigital.com.ar\/lab\/wp-json\/wp\/v2\/posts\/897\/revisions\/903"}],"wp:attachment":[{"href":"http:\/\/www.opyguadigital.com.ar\/lab\/wp-json\/wp\/v2\/media?parent=897"}],"wp:term":[{"taxonomy":"category","embeddable":true,"href":"http:\/\/www.opyguadigital.com.ar\/lab\/wp-json\/wp\/v2\/categories?post=897"},{"taxonomy":"post_tag","embeddable":true,"href":"http:\/\/www.opyguadigital.com.ar\/lab\/wp-json\/wp\/v2\/tags?post=897"}],"curies":[{"name":"wp","href":"https:\/\/api.w.org\/{rel}","templated":true}]}}